{"id":599,"date":"2026-04-15T12:41:43","date_gmt":"2026-04-15T10:41:43","guid":{"rendered":"https:\/\/blog-backend.znak.com.pl\/?p=599"},"modified":"2026-04-15T12:50:31","modified_gmt":"2026-04-15T10:50:31","slug":"ksiegarnia-znak-bestsellery-marzec-2026","status":"publish","type":"post","link":"https:\/\/blog-backend.znak.com.pl\/ksiegarnia-znak-bestsellery-marzec-2026\/","title":{"rendered":"Co czytali\u015bmy w&nbsp;marcu? Hity ubieg\u0142ego miesi\u0105ca w&nbsp;Ksi\u0119garni Znak!"},"content":{"rendered":"<div id=\"bsf_rt_marker\"><\/div>\n<p>Za nami kolejny miesi\u0105c, a&nbsp;wraz z&nbsp;nim stosy przeczytanych stron i&nbsp;niezapomnianych emocji. Sprawdzili\u015bmy, kt\u00f3re z&nbsp;ksi\u0105\u017cek czytali\u015bcie najch\u0119tniej! Marzec w&nbsp;Ksi\u0119garni Znak obfitowa\u0142 w&nbsp;premiery, na kt\u00f3re czekali\u015bcie z&nbsp;niecierpliwo\u015bci\u0105, oraz tytu\u0142y, kt\u00f3re niespodziewanie skrad\u0142y show na Waszych p\u00f3\u0142kach. Zastanawiasz si\u0119, co aktualnie jest na topie? A&nbsp;mo\u017ce szukasz inspiracji na kolejny wiecz\u00f3r z&nbsp;lektur\u0105? Przygotowali\u015bmy zestawienie absolutnych hit\u00f3w ubieg\u0142ego miesi\u0105ca. Sprawd\u017a, czy Tw\u00f3j ostatni wyb\u00f3r znalaz\u0142 si\u0119 na li\u015bcie!<\/p>\n\n\n\n<div id=\"ez-toc-container\" class=\"ez-toc-v2_0_80 counter-hierarchy ez-toc-counter ez-toc-grey ez-toc-container-direction\">\n<div class=\"ez-toc-title-container\">\n<p class=\"ez-toc-title\" style=\"cursor:inherit\">Spis tre\u015bci<\/p>\n<span class=\"ez-toc-title-toggle\"><a href=\"#\" class=\"ez-toc-pull-right ez-toc-btn ez-toc-btn-xs ez-toc-btn-default ez-toc-toggle\" aria-label=\"Prze\u0142\u0105cznik Spisu Tre\u015bci\"><span class=\"ez-toc-js-icon-con\"><span class=\"\"><span class=\"eztoc-hide\" style=\"display:none;\">Toggle<\/span><span class=\"ez-toc-icon-toggle-span\"><svg style=\"fill: #999;color:#999\" xmlns=\"http:\/\/www.w3.org\/2000\/svg\" class=\"list-377408\" width=\"20px\" height=\"20px\" viewBox=\"0 0 24 24\" fill=\"none\"><path d=\"M6 6H4v2h2V6zm14 0H8v2h12V6zM4 11h2v2H4v-2zm16 0H8v2h12v-2zM4 16h2v2H4v-2zm16 0H8v2h12v-2z\" fill=\"currentColor\"><\/path><\/svg><svg style=\"fill: #999;color:#999\" class=\"arrow-unsorted-368013\" xmlns=\"http:\/\/www.w3.org\/2000\/svg\" width=\"10px\" height=\"10px\" viewBox=\"0 0 24 24\" version=\"1.2\" baseProfile=\"tiny\"><path d=\"M18.2 9.3l-6.2-6.3-6.2 6.3c-.2.2-.3.4-.3.7s.1.5.3.7c.2.2.4.3.7.3h11c.3 0 .5-.1.7-.3.2-.2.3-.5.3-.7s-.1-.5-.3-.7zM5.8 14.7l6.2 6.3 6.2-6.3c.2-.2.3-.5.3-.7s-.1-.5-.3-.7c-.2-.2-.4-.3-.7-.3h-11c-.3 0-.5.1-.7.3-.2.2-.3.5-.3.7s.1.5.3.7z\"\/><\/svg><\/span><\/span><\/span><\/a><\/span><\/div>\n<nav><ul class='ez-toc-list ez-toc-list-level-1 ' ><li class='ez-toc-page-1 ez-toc-heading-level-2'><a class=\"ez-toc-link ez-toc-heading-1\" href=\"https:\/\/blog-backend.znak.com.pl\/ksiegarnia-znak-bestsellery-marzec-2026\/#Wspominamy_Wieslawa_Mysliwskiego\" >Wspominamy Wies\u0142awa My\u015bliwskiego<\/a><ul class='ez-toc-list-level-3' ><li class='ez-toc-heading-level-3'><a class=\"ez-toc-link ez-toc-heading-2\" href=\"https:\/\/blog-backend.znak.com.pl\/ksiegarnia-znak-bestsellery-marzec-2026\/#%E2%80%9ETraktat_o_luskaniu_fasoli%E2%80%9D\" >\u201eTraktat o&nbsp;\u0142uskaniu fasoli\u201d<\/a><\/li><li class='ez-toc-page-1 ez-toc-heading-level-3'><a class=\"ez-toc-link ez-toc-heading-3\" href=\"https:\/\/blog-backend.znak.com.pl\/ksiegarnia-znak-bestsellery-marzec-2026\/#%E2%80%9EKamien_na_kamieniu%E2%80%9D\" >\u201eKamie\u0144 na kamieniu\u201d<\/a><\/li><li class='ez-toc-page-1 ez-toc-heading-level-3'><a class=\"ez-toc-link ez-toc-heading-4\" href=\"https:\/\/blog-backend.znak.com.pl\/ksiegarnia-znak-bestsellery-marzec-2026\/#%E2%80%9EOstatnie_rozdanie%E2%80%9D\" >\u201eOstatnie rozdanie\u201d<\/a><\/li><li class='ez-toc-page-1 ez-toc-heading-level-3'><a class=\"ez-toc-link ez-toc-heading-5\" href=\"https:\/\/blog-backend.znak.com.pl\/ksiegarnia-znak-bestsellery-marzec-2026\/#%E2%80%9ENagi_sad%E2%80%9D\" >\u201eNagi sad\u201d<\/a><\/li><\/ul><\/li><li class='ez-toc-page-1 ez-toc-heading-level-2'><a class=\"ez-toc-link ez-toc-heading-6\" href=\"https:\/\/blog-backend.znak.com.pl\/ksiegarnia-znak-bestsellery-marzec-2026\/#%E2%80%9ESiedem_waznych_slow%E2%80%9D_%E2%80%93_Michal_Heller_Wojciech_Bonowicz\" >\u201eSiedem wa\u017cnych s\u0142\u00f3w\u201d \u2013&nbsp;Micha\u0142 Heller, Wojciech Bonowicz<\/a><\/li><li class='ez-toc-page-1 ez-toc-heading-level-2'><a class=\"ez-toc-link ez-toc-heading-7\" href=\"https:\/\/blog-backend.znak.com.pl\/ksiegarnia-znak-bestsellery-marzec-2026\/#%E2%80%9EWszystko_co_chcesz_wiedziec_Genialne_pytania_i_proste_odpowiedzi_na_kazdy_dzien_roku%E2%80%9D_%E2%80%93_Molly_Oldfield\" >\u201eWszystko, co chcesz wiedzie\u0107. Genialne pytania i&nbsp;proste odpowiedzi na ka\u017cdy dzie\u0144 roku\u201d \u2013&nbsp;Molly Oldfield<\/a><\/li><li class='ez-toc-page-1 ez-toc-heading-level-2'><a class=\"ez-toc-link ez-toc-heading-8\" href=\"https:\/\/blog-backend.znak.com.pl\/ksiegarnia-znak-bestsellery-marzec-2026\/#%E2%80%9EQuo_vAIdis%E2%80%9D_%E2%80%93_Andrzej_Dragan\" >\u201eQuo vAIdis\u201d \u2013&nbsp;Andrzej Dragan<\/a><\/li><li class='ez-toc-page-1 ez-toc-heading-level-2'><a class=\"ez-toc-link ez-toc-heading-9\" href=\"https:\/\/blog-backend.znak.com.pl\/ksiegarnia-znak-bestsellery-marzec-2026\/#%E2%80%9ELzej_Jak_madrze_i_skutecznie_korzystac_z_lekow_GLP-1_oraz_zmienic_nawyki_na_lepsze%E2%80%9D_%E2%80%93_Anna_Sankowska-Dobrowolska_Oliwia_Poniatowska\" >\u201eL\u017cej. Jak m\u0105drze i&nbsp;skutecznie korzysta\u0107 z&nbsp;lek\u00f3w GLP-1 oraz zmieni\u0107 nawyki na lepsze\u201d \u2013&nbsp;Anna Sankowska-Dobrowolska, Oliwia Poniatowska<\/a><\/li><li class='ez-toc-page-1 ez-toc-heading-level-2'><a class=\"ez-toc-link ez-toc-heading-10\" href=\"https:\/\/blog-backend.znak.com.pl\/ksiegarnia-znak-bestsellery-marzec-2026\/#Co_szykujemy_na_kwiecien_Zapowiedzi_Grupy_Wydawniczej_Znak\" >Co szykujemy na kwiecie\u0144? Zapowiedzi Grupy Wydawniczej Znak<\/a><\/li><\/ul><\/nav><\/div>\n<h2 class=\"wp-block-heading\"><span class=\"ez-toc-section\" id=\"Wspominamy_Wieslawa_Mysliwskiego\"><\/span>Wspominamy Wies\u0142awa My\u015bliwskiego<span class=\"ez-toc-section-end\"><\/span><\/h2>\n\n\n\n<p>Pod koniec ubieg\u0142ego miesi\u0105ca dotar\u0142a do nas smutna wiadomo\u015b\u0107 o&nbsp;\u015bmierci wybitnego pisarza \u2013&nbsp;<a href=\"https:\/\/www.znak.com.pl\/autorzy\/wieslaw-mysliwski-12379\"><strong>Wies\u0142awa<\/strong> <strong>My\u015bliwskiego<\/strong><\/a>. Wielu z&nbsp;nas, wspominaj\u0105c zmar\u0142ego tw\u00f3rc\u0119, postanowi\u0142o uzupe\u0142ni\u0107 swoj\u0105 bibliotek\u0119 o&nbsp;egzemplarze jego wyj\u0105tkowych powie\u015bci lub przypomnie\u0107 sobie, dlaczego by\u0142 on tak wielkim powie\u015bciopisarzem. Z&nbsp;pewno\u015bci\u0105 nie zabrak\u0142o os\u00f3b, kt\u00f3re zdecydowa\u0142y si\u0119 r\u00f3wnie\u017c wr\u0119czy\u0107 komu\u015b jego ksi\u0105\u017ck\u0119 w&nbsp;prezencie \u2013&nbsp;a&nbsp;to pi\u0119kny i&nbsp;m\u0105dry podarunek. Z&nbsp;tego wzgl\u0119du pozycje jego autorstwa cieszy\u0142y si\u0119 szczeg\u00f3ln\u0105 popularno\u015bci\u0105 \u2013&nbsp;czytelnicy oddali mu w&nbsp;ten spos\u00f3b ostatni ho\u0142d.<\/p>\n\n\n\n<h3 class=\"wp-block-heading\"><span class=\"ez-toc-section\" id=\"%E2%80%9ETraktat_o_luskaniu_fasoli%E2%80%9D\"><\/span>\u201eTraktat o&nbsp;\u0142uskaniu fasoli\u201d<span class=\"ez-toc-section-end\"><\/span><\/h3>\n\n\n\n<div class=\"wp-block-group is-nowrap is-layout-flex wp-container-core-group-is-layout-ad2f72ca wp-block-group-is-layout-flex\">\n<div class=\"wp-block-group is-nowrap is-layout-flex wp-container-core-group-is-layout-ad2f72ca wp-block-group-is-layout-flex\">\n<div class=\"wp-block-columns is-layout-flex wp-container-core-columns-is-layout-9d6595d7 wp-block-columns-is-layout-flex\">\n<div class=\"wp-block-column is-layout-flow wp-block-column-is-layout-flow\" style=\"flex-basis:100%\">\n<p>Najwi\u0119cej z&nbsp;nas zdecydowa\u0142o si\u0119 si\u0119gn\u0105\u0107 po <a href=\"https:\/\/www.znak.com.pl\/p\/traktat-o-luskaniu-fasoli-2026-wieslaw-mysliwski-469960\">najs\u0142ynniejsz\u0105 z&nbsp;powie\u015bci My\u015bliwskiego<\/a> \u2013&nbsp;laureatk\u0119 m.in. <strong>Nagrody Literackiej \u201eNike\u201d<\/strong> oraz <strong>Nagrody Literackiej Gdynia<\/strong>. Dla wielu to w\u0142a\u015bnie z&nbsp;t\u0105 ksi\u0105\u017ck\u0105 rozpoczyna si\u0119 przygoda z&nbsp;proz\u0105 autora \u2013&nbsp;stanowi doskona\u0142y pokaz jego stylu, \u0142\u0105czy spok\u00f3j z&nbsp;m\u0105dro\u015bci\u0105 oraz niespieszn\u0105 refleksj\u0105 na temat rzeczy najwa\u017cniejszych. O&nbsp;czym jest \u201e<strong>Traktat o&nbsp;\u0142uskaniu fasoli<\/strong>\u201d? Najkr\u00f3cej m\u00f3wi\u0105c, to opowie\u015b\u0107 o&nbsp;\u017cyciu jednego m\u0119\u017cczyzny. Bezimienny bohater \u0142uska tytu\u0142ow\u0105 fasol\u0119, m\u00f3wi\u0105c o&nbsp;tym, co prze\u017cy\u0142, a&nbsp;prze\u017cy\u0142 niejedno. Jak zawsze w&nbsp;przypadku powie\u015bci Wies\u0142awa My\u015bliwskiego, z&nbsp;czysto prozaicznego pretekstu wynika wielka historia, przekazuj\u0105c uniwersalne prawdy i&nbsp;zachwycaj\u0105c mistrzostwem formy.<\/p>\n<\/div>\n<\/div>\n<\/div>\n<\/div>\n\n\n\n<h3 class=\"wp-block-heading\"><span class=\"ez-toc-section\" id=\"%E2%80%9EKamien_na_kamieniu%E2%80%9D\"><\/span>\u201eKamie\u0144 na kamieniu\u201d<span class=\"ez-toc-section-end\"><\/span><\/h3>\n\n\n\n<div class=\"wp-block-columns is-layout-flex wp-container-core-columns-is-layout-9d6595d7 wp-block-columns-is-layout-flex\">\n<div class=\"wp-block-column is-layout-flow wp-block-column-is-layout-flow\" style=\"flex-basis:100%\">\n<div class=\"wp-block-group is-nowrap is-layout-flex wp-container-core-group-is-layout-ad2f72ca wp-block-group-is-layout-flex\">\n<p>Kolejna <strong><a href=\"https:\/\/www.znak.com.pl\/p\/kamien-na-kamieniu-2022-wieslaw-mysliwski-161217\">powie\u015b\u0107 Wies\u0142awa My\u015bliwskiego<\/a><\/strong>, po kt\u00f3r\u0105 zdecydowali si\u0119 si\u0119gn\u0105\u0107 t\u0142umnie czytelnicy. Ta pe\u0142na sentymentu, nostalgii symboliczna opowie\u015b\u0107 o&nbsp;polskiej wsi zawiera wiele uniwersalnych prawd. Doceni j\u0105 czytelnik w&nbsp;ka\u017cdym wieku, ale z&nbsp;pewno\u015bci\u0105 mocniej uderzy osob\u0119 dojrzalsz\u0105, z&nbsp;pewnym \u017cyciowym do\u015bwiadczeniem. Wiele tu tre\u015bci, jeszcze wi\u0119cej rozwa\u017ca\u0144, a&nbsp;wszystkie z&nbsp;nich \u0142\u0105czy posta\u0107 Szymona Pietruszki. Szymon chce bowiem wybudowa\u0107 rodzinny grobowiec \u2013&nbsp;i&nbsp;to jest punkt wyj\u015bcia dla ca\u0142o\u015bci ksi\u0105\u017cki, historii \u017cycia bohatera, jego rodziny, a&nbsp;to wszystko te\u017c na tle dziej\u00f3w polskiej wsi.<\/p>\n<\/div>\n<\/div>\n<\/div>\n\n\n\n<h3 class=\"wp-block-heading\"><span class=\"ez-toc-section\" id=\"%E2%80%9EOstatnie_rozdanie%E2%80%9D\"><\/span>\u201eOstatnie rozdanie\u201d<span class=\"ez-toc-section-end\"><\/span><\/h3>\n\n\n\n<p>Powie\u015b\u0107, kt\u00f3r\u0105 trudno opisa\u0107 w&nbsp;kilku zdaniach \u2013&nbsp;ale w&nbsp;przypadku dzie\u0142 My\u015bliwskiego to pi\u0119kna i&nbsp;chwalebna regu\u0142a. Niespieszna akcja zawi\u0105zuje si\u0119 w&nbsp;miejscu, jakim jest wype\u0142niony adresami i&nbsp;nazwiskami notes, kt\u00f3ry prowadzi posta\u0107 narratora. Przez pryzmat znanych nam os\u00f3b i&nbsp;wys\u0142u\u017conego spisu kontakt\u00f3w mo\u017cna wiele powiedzie\u0107 o&nbsp;czyim\u015b \u017cyciu. U&nbsp;<strong>Wies\u0142awa My\u015bliwskiego<\/strong> te losy jednostki cz\u0119sto m\u00f3wi\u0105 te\u017c o&nbsp;czasach, w&nbsp;jakich przysz\u0142o jej \u017cy\u0107. Spojrzenie wstecz wymaga refleksji \u2013&nbsp;czyj adres mo\u017cna z&nbsp;(i z&nbsp;\u017cycia) wykre\u015bli\u0107, a&nbsp;czyj numer warto wykr\u0119ci\u0107 jeszcze raz, p\u00f3ki ma si\u0119 jeszcze czas. Zwyk\u0142y notatnik staje si\u0119 przyczynkiem do wielkich my\u015bli, a&nbsp;nimi czytelnicy My\u015bliwskiego uwielbiaj\u0105 si\u0119 delektowa\u0107.<\/p>\n\n\n\n<h3 class=\"wp-block-heading\"><span class=\"ez-toc-section\" id=\"%E2%80%9ENagi_sad%E2%80%9D\"><\/span>\u201eNagi sad\u201d<span class=\"ez-toc-section-end\"><\/span><\/h3>\n\n\n\n<p>Czytelnicy zdecydowali si\u0119 r\u00f3wnie\u017c na powr\u00f3t do debiutu literackiego Mistrza. Tu centralnym elementem jest relacja ojca i&nbsp;syna, wype\u0142niona bogat\u0105 w&nbsp;niedopowiedzenia mi\u0142o\u015bci\u0105. Opisana jest w&nbsp;klasycznym stylu, kt\u00f3ry ju\u017c w&nbsp;pierwszej powie\u015bci My\u015bliwskiego sta\u0142 si\u0119 dla niego charakterystyczny. Bohaterowie wyra\u017caj\u0105 swoje uczucia w&nbsp;r\u00f3\u017cny spos\u00f3b. Starszy pragnie dla m\u0142odszego wszystkiego, co najlepsze i&nbsp;zrobi wszystko, by to uzyska\u0107. M\u0142odszy za\u015b d\u0105\u017cy do tego, by uszcz\u0119\u015bliwi\u0107 ojca nawet kosztem w\u0142asnych pragnie\u0144. To relacja, jak\u0105 wielu z&nbsp;nas mo\u017ce zna\u0107 ze swojego w\u0142asnego \u017cycia, a&nbsp;jednak przybiera tu wyj\u0105tkowe oblicze. Wszystko dzi\u0119ki kunsztowi literackiemu Wies\u0142awa My\u015bliwskiego, niepowtarzalnemu i&nbsp;zapadaj\u0105cemu w&nbsp;pami\u0119\u0107 na zawsze.<\/p>\n\n\n\n<div class=\"wp-block-group is-nowrap is-layout-flex wp-container-core-group-is-layout-ad2f72ca wp-block-group-is-layout-flex\">\n<figure class=\"wp-block-image size-full\"><a href=\"https:\/\/www.znak.com.pl\/p\/traktat-o-luskaniu-fasoli-2026-wieslaw-mysliwski-469960\"><img loading=\"lazy\" decoding=\"async\" width=\"342\" height=\"500\" src=\"https:\/\/blog-backend.znak.com.pl\/wp-content\/uploads\/2026\/04\/Mysliwski_Traktat-o-luskaniu-fasoli_2018_500pcx.jpg\" alt=\"\" class=\"wp-image-605\" srcset=\"https:\/\/blog-backend.znak.com.pl\/wp-content\/uploads\/2026\/04\/Mysliwski_Traktat-o-luskaniu-fasoli_2018_500pcx.jpg 342w, https:\/\/blog-backend.znak.com.pl\/wp-content\/uploads\/2026\/04\/Mysliwski_Traktat-o-luskaniu-fasoli_2018_500pcx-205x300.jpg 205w, https:\/\/blog-backend.znak.com.pl\/wp-content\/uploads\/2026\/04\/Mysliwski_Traktat-o-luskaniu-fasoli_2018_500pcx-103x150.jpg 103w, https:\/\/blog-backend.znak.com.pl\/wp-content\/uploads\/2026\/04\/Mysliwski_Traktat-o-luskaniu-fasoli_2018_500pcx-250x365.jpg 250w\" sizes=\"auto, (max-width: 342px) 100vw, 342px\" \/><\/a><\/figure>\n\n\n\n<figure class=\"wp-block-image size-full\"><a href=\"https:\/\/www.znak.com.pl\/p\/kamien-na-kamieniu-2022-wieslaw-mysliwski-161217\"><img loading=\"lazy\" decoding=\"async\" width=\"356\" height=\"500\" src=\"https:\/\/blog-backend.znak.com.pl\/wp-content\/uploads\/2026\/04\/Mysliwski_Kamien-na-kamieniu_2019_500pcx.jpg\" alt=\"\" class=\"wp-image-606\" srcset=\"https:\/\/blog-backend.znak.com.pl\/wp-content\/uploads\/2026\/04\/Mysliwski_Kamien-na-kamieniu_2019_500pcx.jpg 356w, https:\/\/blog-backend.znak.com.pl\/wp-content\/uploads\/2026\/04\/Mysliwski_Kamien-na-kamieniu_2019_500pcx-214x300.jpg 214w, https:\/\/blog-backend.znak.com.pl\/wp-content\/uploads\/2026\/04\/Mysliwski_Kamien-na-kamieniu_2019_500pcx-107x150.jpg 107w, https:\/\/blog-backend.znak.com.pl\/wp-content\/uploads\/2026\/04\/Mysliwski_Kamien-na-kamieniu_2019_500pcx-250x351.jpg 250w\" sizes=\"auto, (max-width: 356px) 100vw, 356px\" \/><\/a><\/figure>\n\n\n\n<figure class=\"wp-block-image size-full\"><a href=\"https:\/\/www.znak.com.pl\/p\/ostatnie-rozdanie-2022-wieslaw-mysliwski-164066\"><img loading=\"lazy\" decoding=\"async\" width=\"356\" height=\"500\" src=\"https:\/\/blog-backend.znak.com.pl\/wp-content\/uploads\/2026\/04\/Mysliwski_Ostatnie-rozdanie-2019_500pcx_popr.jpg\" alt=\"\" class=\"wp-image-607\" srcset=\"https:\/\/blog-backend.znak.com.pl\/wp-content\/uploads\/2026\/04\/Mysliwski_Ostatnie-rozdanie-2019_500pcx_popr.jpg 356w, https:\/\/blog-backend.znak.com.pl\/wp-content\/uploads\/2026\/04\/Mysliwski_Ostatnie-rozdanie-2019_500pcx_popr-214x300.jpg 214w, https:\/\/blog-backend.znak.com.pl\/wp-content\/uploads\/2026\/04\/Mysliwski_Ostatnie-rozdanie-2019_500pcx_popr-107x150.jpg 107w, https:\/\/blog-backend.znak.com.pl\/wp-content\/uploads\/2026\/04\/Mysliwski_Ostatnie-rozdanie-2019_500pcx_popr-250x351.jpg 250w\" sizes=\"auto, (max-width: 356px) 100vw, 356px\" \/><\/a><\/figure>\n\n\n\n<figure class=\"wp-block-image size-full\"><a href=\"https:\/\/www.znak.com.pl\/p\/nagi-sad-2026-wieslaw-mysliwski-470307\"><img loading=\"lazy\" decoding=\"async\" width=\"355\" height=\"500\" src=\"https:\/\/blog-backend.znak.com.pl\/wp-content\/uploads\/2026\/04\/Mysliwski_Nagi-sad_wyd_2020_500pcx.jpg\" alt=\"\" class=\"wp-image-608\" srcset=\"https:\/\/blog-backend.znak.com.pl\/wp-content\/uploads\/2026\/04\/Mysliwski_Nagi-sad_wyd_2020_500pcx.jpg 355w, https:\/\/blog-backend.znak.com.pl\/wp-content\/uploads\/2026\/04\/Mysliwski_Nagi-sad_wyd_2020_500pcx-213x300.jpg 213w, https:\/\/blog-backend.znak.com.pl\/wp-content\/uploads\/2026\/04\/Mysliwski_Nagi-sad_wyd_2020_500pcx-107x150.jpg 107w, https:\/\/blog-backend.znak.com.pl\/wp-content\/uploads\/2026\/04\/Mysliwski_Nagi-sad_wyd_2020_500pcx-250x352.jpg 250w\" sizes=\"auto, (max-width: 355px) 100vw, 355px\" \/><\/a><\/figure>\n<\/div>\n\n\n\n<h2 class=\"wp-block-heading\"><span class=\"ez-toc-section\" id=\"%E2%80%9ESiedem_waznych_slow%E2%80%9D_%E2%80%93_Michal_Heller_Wojciech_Bonowicz\"><\/span>\u201eSiedem wa\u017cnych s\u0142\u00f3w\u201d \u2013&nbsp;Micha\u0142 Heller, Wojciech Bonowicz<span class=\"ez-toc-section-end\"><\/span><\/h2>\n\n\n\n<div class=\"wp-block-group is-nowrap is-layout-flex wp-container-core-group-is-layout-ad2f72ca wp-block-group-is-layout-flex\">\n<p>Ksi\u0119dza Micha\u0142a Hellera znamy jako cz\u0142owieka, kt\u00f3ry zawsze w&nbsp;osobliwy spos\u00f3b \u0142\u0105czy\u0142 nauk\u0119 z&nbsp;religi\u0105. Wielu wydaje si\u0119 to sprzeczno\u015bci\u0105, a&nbsp;jednak w&nbsp;wykonaniu Hellera pozytywnie zaskakuje. Czytelnicy si\u0119gn\u0119li wi\u0119c po kolejn\u0105 dawk\u0119 jego przemy\u015ble\u0144 \u2013&nbsp;tym razem w&nbsp;odpowiedziach na pytania Wojciecha Bonowicza zebrane z&nbsp;przeprowadzonych przez nich na przestrzeni lat znajomo\u015bci rozm\u00f3w. Ksi\u0105\u017cka ukaza\u0142a si\u0119 z&nbsp;okazji 90. urodzin Hellera i&nbsp;trudno o&nbsp;lepsz\u0105 celebracj\u0119 tej rocznicy. Mo\u017cna tu znale\u017a\u0107 wiele m\u0105dro\u015bci, nieoczywistych my\u015bli, spostrze\u017ce\u0144. Nic wi\u0119c dziwnego, \u017ce wielu odbiorc\u00f3w czeka\u0142o na t\u0119 marcow\u0105 premier\u0119 z&nbsp;du\u017c\u0105 niecierpliwo\u015bci\u0105. Zdecydowanie by\u0142o na co czeka\u0107!<\/p>\n<\/div>\n\n\n\n<h2 class=\"wp-block-heading\"><span class=\"ez-toc-section\" id=\"%E2%80%9EWszystko_co_chcesz_wiedziec_Genialne_pytania_i_proste_odpowiedzi_na_kazdy_dzien_roku%E2%80%9D_%E2%80%93_Molly_Oldfield\"><\/span>\u201eWszystko, co chcesz wiedzie\u0107. Genialne pytania i&nbsp;proste odpowiedzi na ka\u017cdy dzie\u0144 roku\u201d \u2013&nbsp;Molly Oldfield<span class=\"ez-toc-section-end\"><\/span><\/h2>\n\n\n\n<p>To tytu\u0142 dla dzieci pe\u0142en wiedzy bardziej i&nbsp;mniej oczywistej. Odpowiada na tyle pyta\u0144, ile jest dni w&nbsp;roku \u2013&nbsp;a&nbsp;ka\u017cdy, kto ma w&nbsp;domu malucha, wie, \u017ce ich ciekawo\u015b\u0107 jest niezaspokojona. Ta <strong>pi\u0119knie zilustrowana ksi\u0105\u017cka<\/strong> pomaga wi\u0119c w&nbsp;przynajmniej cz\u0119\u015bciowym rozwi\u0105zaniu zagadek, kt\u00f3re nurtuj\u0105 kilkulatk\u00f3w, a&nbsp;i&nbsp;doro\u015bli dowiedz\u0105 si\u0119 z&nbsp;niej czego\u015b ciekawego. Dzieci i&nbsp;rodzice za granic\u0105 pokochali j\u0105 ju\u017c dawno, wi\u0119c nic dziwnego, \u017ce ci w&nbsp;Polsce r\u00f3wnie\u017c s\u0105 ni\u0105 \u017cywo zainteresowani. To idealna ksi\u0105\u017cka na prezent dla kilkuletniego dziecka, kt\u00f3ra da mu mn\u00f3stwo wiedzy!<\/p>\n\n\n\n<h2 class=\"wp-block-heading\"><span class=\"ez-toc-section\" id=\"%E2%80%9EQuo_vAIdis%E2%80%9D_%E2%80%93_Andrzej_Dragan\"><\/span>\u201eQuo vAIdis\u201d \u2013&nbsp;Andrzej Dragan<span class=\"ez-toc-section-end\"><\/span><\/h2>\n\n\n\n<p>Ksi\u0105\u017cka na temat, kt\u00f3ry nie schodzi z&nbsp;ust spo\u0142ecze\u0144stwa \u2013&nbsp;oczywiste wi\u0119c, \u017ce ten tytu\u0142 r\u00f3wnie\u017c nie b\u0119dzie chcia\u0142 zej\u015b\u0107 z&nbsp;list bestseller\u00f3w. <strong><a href=\"https:\/\/www.znak.com.pl\/autorzy\/autor-2333\">Andrzej Dragan<\/a><\/strong> uporz\u0105dkowuje tu wiedz\u0119 na temat <strong>wsp\u00f3\u0142czesnej AI<\/strong>, studz\u0105c panik\u0119 i&nbsp;pokazuj\u0105c mo\u017cliwo\u015bci, jakie mo\u017ce przynie\u015b\u0107 przysz\u0142o\u015b\u0107. Nie tylko fani autora s\u0105 zachwyceni \u2013&nbsp;w&nbsp;Sieci mo\u017cna przeczyta\u0107 wiele pozytywnych recenzji tak\u017ce od os\u00f3b bardziej sceptycznych. Mo\u017cna wi\u0119c powiedzie\u0107, \u017ce Dragan znowu to zrobi\u0142 \u2013&nbsp;stworzy\u0142 ksi\u0105\u017ck\u0119, kt\u00f3ra wprowadza laika w&nbsp;wiedz\u0119 wydaj\u0105c\u0105 si\u0119 niemal tajemn\u0105 i&nbsp;napisa\u0142 j\u0105 tak, \u017ce a\u017c chce si\u0119 czyta\u0107.<\/p>\n\n\n\n<h2 class=\"wp-block-heading\"><span class=\"ez-toc-section\" id=\"%E2%80%9ELzej_Jak_madrze_i_skutecznie_korzystac_z_lekow_GLP-1_oraz_zmienic_nawyki_na_lepsze%E2%80%9D_%E2%80%93_Anna_Sankowska-Dobrowolska_Oliwia_Poniatowska\"><\/span>\u201eL\u017cej. Jak m\u0105drze i&nbsp;skutecznie korzysta\u0107 z&nbsp;lek\u00f3w GLP-1 oraz zmieni\u0107 nawyki na lepsze\u201d \u2013&nbsp;Anna Sankowska-Dobrowolska, Oliwia Poniatowska<span class=\"ez-toc-section-end\"><\/span><\/h2>\n\n\n\n<p>W ostatnim czasie furor\u0119 w&nbsp;polskich i&nbsp;zagranicznych mediach robi\u0105 leki przyczyniaj\u0105ce si\u0119 do spadku masy cia\u0142a. W\u015br\u00f3d nich najs\u0142ynniejszy jest z&nbsp;pewno\u015bci\u0105 <strong>Ozempic<\/strong>. Tematy takie jak \u201e<strong>Ozempic face<\/strong>\u201d czy zmiany w&nbsp;wygl\u0105dzie celebryt\u00f3w i&nbsp;dotycz\u0105ce ich teorie rozgrzewaj\u0105 opini\u0119 publiczn\u0105 do czerwono\u015bci. Nic wi\u0119c dziwnego, \u017ce w\u015br\u00f3d aktualnych bestseller\u00f3w znalaz\u0142a si\u0119 ksi\u0105\u017cka, kt\u00f3ra t\u0142umaczy, na czym polega stosowanie tego typu lek\u00f3w i&nbsp;w&nbsp;jaki spos\u00f3b nie zniszczy\u0107 sobie przy ich u\u017cyciu zdrowia. Ten poradnik nie demonizuje, nie os\u0105dza, nie pozostawia niedopowiedze\u0144, tylko w&nbsp;prosty spos\u00f3b obja\u015bnia, co i&nbsp;jak. Ksi\u0105\u017cka pomaga zrozumie\u0107 proces <strong>leczenia oty\u0142o\u015bci<\/strong>, zaznaczaj\u0105c, \u017ce <strong>analogi GLP-1<\/strong> to nie czarodziejska r\u00f3\u017cd\u017cka, kt\u00f3ra wszystko zmieni za nas. Korzystanie z&nbsp;nich wymaga te\u017c w\u0142asnej pracy i&nbsp;wprowadzania lepszych nawyk\u00f3w.<\/p>\n\n\n\n<h2 class=\"wp-block-heading\"><span class=\"ez-toc-section\" id=\"Co_szykujemy_na_kwiecien_Zapowiedzi_Grupy_Wydawniczej_Znak\"><\/span>Co szykujemy na kwiecie\u0144? Zapowiedzi Grupy Wydawniczej Znak<span class=\"ez-toc-section-end\"><\/span><\/h2>\n\n\n\n<p>Marzec by\u0142 intensywny, ale kwiecie\u0144 zapowiada si\u0119 jeszcze ciekawiej. Na kolejnym podsumowaniu miesi\u0105ca widzimy si\u0119 ju\u017c w&nbsp;maju! A&nbsp;co mo\u017ce si\u0119 w&nbsp;nim znale\u017a\u0107? Mamy ma\u0142\u0105 podpowied\u017a: koniecznie zajrzyjcie do sekcji <strong><a href=\"https:\/\/www.znak.com.pl\/zapowiedzi\">zapowiedzi Ksi\u0119garni Znak<\/a><\/strong>, bo to w\u0142a\u015bnie tam mo\u017cecie spotka\u0107 przysz\u0142e bestsellery! Jeszcze w&nbsp;kwietniu swoje premiery maj\u0105 ksi\u0105\u017cki takie jak \u201e<strong><a href=\"https:\/\/www.znak.com.pl\/p\/co-przyniesie-jutro-adriana-celinska-melissa-da-costa-455715\">Co przyniesie jutro<\/a><\/strong>\u201d <strong><a href=\"https:\/\/www.znak.com.pl\/autorzy\/melissa-da-costa-92767\">Melissy Da Costy<\/a><\/strong> (autorki \u201e<strong><a href=\"https:\/\/www.znak.com.pl\/p\/caly-ten-blekit-melissa-da-costa-lukasz-muller-245344\">Ca\u0142ego tego b\u0142\u0119kitu<\/a><\/strong>\u201d,<strong> <\/strong>kt\u00f3ry podbi\u0142 serca polskiej publiczno\u015bci), \u201e<strong><a href=\"https:\/\/www.znak.com.pl\/p\/glupie-robaki-i-inne-takie-polski-marek-maruszczak-463546\">G\u0142upie robaki i&nbsp;inne takie Polski<\/a><\/strong>\u201d <strong><a href=\"https:\/\/www.znak.com.pl\/autorzy\/marek-maruszczak-74715\">Marka Maruszczaka<\/a><\/strong> (kt\u00f3ry poprzednimi ksi\u0105\u017ckami obra\u017caj\u0105cymi polsk\u0105 faun\u0119 ju\u017c ugruntowa\u0142 swoj\u0105 pozycj\u0119 na p\u00f3\u0142kach czytelnik\u00f3w) czy druga cz\u0119\u015b\u0107 nowej sagi <strong><a href=\"https:\/\/www.znak.com.pl\/autorzy\/katarzyna-michalak-7244\">Katarzyny Michalak<\/a><\/strong> (kr\u00f3lowej powie\u015bci obyczajowej wype\u0142nionej po brzegi emocjami): \u201e<strong><a href=\"https:\/\/www.znak.com.pl\/p\/bestseller-szantaz-katarzyna-michalak-467509\">Bestseller. Szanta\u017c<\/a><\/strong>\u201d. Czy kt\u00f3ry\u015b z&nbsp;tych tytu\u0142\u00f3w mo\u017ce by\u0107 pewien miejsca na li\u015bcie hit\u00f3w trwaj\u0105cego miesi\u0105ca? O&nbsp;tym przekonamy si\u0119 wkr\u00f3tce!<\/p>\n","protected":false},"excerpt":{"rendered":"<p>Za nami kolejny miesi\u0105c, a wraz z nim stosy przeczytanych stron i niezapomnianych emocji. Zastanawiasz si\u0119, co jest aktualnie na topie? Sprawdzili\u015bmy, co najch\u0119tniej czytali\u015bcie w marcu!<\/p>\n","protected":false},"author":6,"featured_media":600,"comment_status":"open","ping_status":"open","sticky":false,"template":"","format":"standard","meta":{"_acf_changed":false,"footnotes":""},"categories":[1,15],"tags":[20],"class_list":["post-599","post","type-post","status-publish","format-standard","has-post-thumbnail","hentry","category-nowosci","category-rankingi","tag-hity-miesiaca-ksiegarni-znak"],"acf":[],"yoast_head":"<!-- This site is optimized with the Yoast SEO plugin v26.0 - https:\/\/yoast.com\/wordpress\/plugins\/seo\/ -->\n<title>Co czytali\u015bmy w marcu? TOP ksi\u0105\u017cek miesi\u0105ca w Ksi\u0119garni Znak!<\/title>\n<meta name=\"description\" content=\"Za nami kolejny miesi\u0105c, a wraz z nim stosy przeczytanych stron i niezapomnianych emocji. Sprawdzili\u015bmy, co najch\u0119tniej czytali\u015bcie w marcu!\" \/>\n<meta name=\"robots\" content=\"index, follow, max-snippet:-1, max-image-preview:large, max-video-preview:-1\" \/>\n<link rel=\"canonical\" href=\"https:\/\/www.znak.com.pl\/blog\/ksiegarnia-znak-bestsellery-marzec-2026\/\" \/>\n<meta property=\"og:locale\" content=\"pl_PL\" \/>\n<meta property=\"og:type\" content=\"article\" \/>\n<meta property=\"og:title\" content=\"Co czytali\u015bmy w marcu? TOP ksi\u0105\u017cek miesi\u0105ca w Ksi\u0119garni Znak!\" \/>\n<meta property=\"og:description\" content=\"Za nami kolejny miesi\u0105c, a wraz z nim stosy przeczytanych stron i niezapomnianych emocji. Sprawdzili\u015bmy, co najch\u0119tniej czytali\u015bcie w marcu!\" \/>\n<meta property=\"og:url\" content=\"https:\/\/blog-backend.znak.com.pl\/ksiegarnia-znak-bestsellery-marzec-2026\/\" \/>\n<meta property=\"og:site_name\" content=\"ZNAK Blog\" \/>\n<meta property=\"article:published_time\" content=\"2026-04-15T10:41:43+00:00\" \/>\n<meta property=\"article:modified_time\" content=\"2026-04-15T10:50:31+00:00\" \/>\n<meta property=\"og:image\" content=\"https:\/\/blog-backend.znak.com.pl\/wp-content\/uploads\/2026\/04\/Hity_marca.png\" \/>\n\t<meta property=\"og:image:width\" content=\"1200\" \/>\n\t<meta property=\"og:image:height\" content=\"600\" \/>\n\t<meta property=\"og:image:type\" content=\"image\/png\" \/>\n<meta name=\"author\" content=\"Adrianna Kapelak\" \/>\n<meta name=\"twitter:card\" content=\"summary_large_image\" \/>\n<meta name=\"twitter:label1\" content=\"Napisane przez\" \/>\n\t<meta name=\"twitter:data1\" content=\"Adrianna Kapelak\" \/>\n\t<meta name=\"twitter:label2\" content=\"Szacowany czas czytania\" \/>\n\t<meta name=\"twitter:data2\" content=\"8 minut\" \/>\n<script type=\"application\/ld+json\" class=\"yoast-schema-graph\">{\"@context\":\"https:\/\/schema.org\",\"@graph\":[{\"@type\":\"Article\",\"@id\":\"https:\/\/blog-backend.znak.com.pl\/ksiegarnia-znak-bestsellery-marzec-2026\/#article\",\"isPartOf\":{\"@id\":\"https:\/\/blog-backend.znak.com.pl\/ksiegarnia-znak-bestsellery-marzec-2026\/\"},\"author\":{\"name\":\"Adrianna Kapelak\",\"@id\":\"https:\/\/blog-backend.znak.com.pl\/#\/schema\/person\/8c574907bbf42d44be35407ae8b1af73\"},\"headline\":\"Co czytali\u015bmy w&nbsp;marcu? Hity ubieg\u0142ego miesi\u0105ca w&nbsp;Ksi\u0119garni Znak!\",\"datePublished\":\"2026-04-15T10:41:43+00:00\",\"dateModified\":\"2026-04-15T10:50:31+00:00\",\"mainEntityOfPage\":{\"@id\":\"https:\/\/blog-backend.znak.com.pl\/ksiegarnia-znak-bestsellery-marzec-2026\/\"},\"wordCount\":1408,\"commentCount\":0,\"publisher\":{\"@id\":\"https:\/\/blog-backend.znak.com.pl\/#organization\"},\"image\":{\"@id\":\"https:\/\/blog-backend.znak.com.pl\/ksiegarnia-znak-bestsellery-marzec-2026\/#primaryimage\"},\"thumbnailUrl\":\"https:\/\/blog-backend.znak.com.pl\/wp-content\/uploads\/2026\/04\/Hity_marca.png\",\"keywords\":[\"hity miesi\u0105ca Ksi\u0119garni Znak\"],\"articleSection\":[\"Nowo\u015bci\",\"Rankingi\"],\"inLanguage\":\"pl-PL\",\"potentialAction\":[{\"@type\":\"CommentAction\",\"name\":\"Comment\",\"target\":[\"https:\/\/blog-backend.znak.com.pl\/ksiegarnia-znak-bestsellery-marzec-2026\/#respond\"]}]},{\"@type\":\"WebPage\",\"@id\":\"https:\/\/blog-backend.znak.com.pl\/ksiegarnia-znak-bestsellery-marzec-2026\/\",\"url\":\"https:\/\/blog-backend.znak.com.pl\/ksiegarnia-znak-bestsellery-marzec-2026\/\",\"name\":\"Co czytali\u015bmy w marcu? TOP ksi\u0105\u017cek miesi\u0105ca w Ksi\u0119garni Znak!\",\"isPartOf\":{\"@id\":\"https:\/\/blog-backend.znak.com.pl\/#website\"},\"primaryImageOfPage\":{\"@id\":\"https:\/\/blog-backend.znak.com.pl\/ksiegarnia-znak-bestsellery-marzec-2026\/#primaryimage\"},\"image\":{\"@id\":\"https:\/\/blog-backend.znak.com.pl\/ksiegarnia-znak-bestsellery-marzec-2026\/#primaryimage\"},\"thumbnailUrl\":\"https:\/\/blog-backend.znak.com.pl\/wp-content\/uploads\/2026\/04\/Hity_marca.png\",\"datePublished\":\"2026-04-15T10:41:43+00:00\",\"dateModified\":\"2026-04-15T10:50:31+00:00\",\"description\":\"Za nami kolejny miesi\u0105c, a wraz z nim stosy przeczytanych stron i niezapomnianych emocji. Sprawdzili\u015bmy, co najch\u0119tniej czytali\u015bcie w marcu!\",\"breadcrumb\":{\"@id\":\"https:\/\/blog-backend.znak.com.pl\/ksiegarnia-znak-bestsellery-marzec-2026\/#breadcrumb\"},\"inLanguage\":\"pl-PL\",\"potentialAction\":[{\"@type\":\"ReadAction\",\"target\":[\"https:\/\/blog-backend.znak.com.pl\/ksiegarnia-znak-bestsellery-marzec-2026\/\"]}]},{\"@type\":\"ImageObject\",\"inLanguage\":\"pl-PL\",\"@id\":\"https:\/\/blog-backend.znak.com.pl\/ksiegarnia-znak-bestsellery-marzec-2026\/#primaryimage\",\"url\":\"https:\/\/blog-backend.znak.com.pl\/wp-content\/uploads\/2026\/04\/Hity_marca.png\",\"contentUrl\":\"https:\/\/blog-backend.znak.com.pl\/wp-content\/uploads\/2026\/04\/Hity_marca.png\",\"width\":1200,\"height\":600,\"caption\":\"Tekst \\\"Hity marca Ksi\u0119garni Znak. To kupowali\u015bcie najch\u0119tniej!\\\", poni\u017cej ok\u0142adki ksi\u0105\u017cek: \\\"Traktat o \u0142uskaniu fasoli\\\", \\\"Ostatnie rozdanie\\\", \\\"Kamie\u0144 na kamieniu\\\" Wies\u0142awa My\u015bliwskiego i \\\"Siedem wa\u017cnych s\u0142\u00f3w\\\" Micha\u0142a Hellera i Wojciecha Bonowicza\"},{\"@type\":\"BreadcrumbList\",\"@id\":\"https:\/\/blog-backend.znak.com.pl\/ksiegarnia-znak-bestsellery-marzec-2026\/#breadcrumb\",\"itemListElement\":[{\"@type\":\"ListItem\",\"position\":1,\"name\":\"Strona g\u0142\u00f3wna\",\"item\":\"https:\/\/blog-backend.znak.com.pl\/\"},{\"@type\":\"ListItem\",\"position\":2,\"name\":\"Co czytali\u015bmy w marcu? Hity ubieg\u0142ego miesi\u0105ca w Ksi\u0119garni Znak!\"}]},{\"@type\":\"WebSite\",\"@id\":\"https:\/\/blog-backend.znak.com.pl\/#website\",\"url\":\"https:\/\/blog-backend.znak.com.pl\/\",\"name\":\"ZNAK Blog\",\"description\":\"\",\"publisher\":{\"@id\":\"https:\/\/blog-backend.znak.com.pl\/#organization\"},\"potentialAction\":[{\"@type\":\"SearchAction\",\"target\":{\"@type\":\"EntryPoint\",\"urlTemplate\":\"https:\/\/blog-backend.znak.com.pl\/?s={search_term_string}\"},\"query-input\":{\"@type\":\"PropertyValueSpecification\",\"valueRequired\":true,\"valueName\":\"search_term_string\"}}],\"inLanguage\":\"pl-PL\"},{\"@type\":\"Organization\",\"@id\":\"https:\/\/blog-backend.znak.com.pl\/#organization\",\"name\":\"ZNAK Blog\",\"url\":\"https:\/\/blog-backend.znak.com.pl\/\",\"logo\":{\"@type\":\"ImageObject\",\"inLanguage\":\"pl-PL\",\"@id\":\"https:\/\/blog-backend.znak.com.pl\/#\/schema\/logo\/image\/\",\"url\":\"https:\/\/www.znak.com.pl\/blog\/wp-content\/uploads\/2025\/10\/znak_logo_black-1.svg\",\"contentUrl\":\"https:\/\/www.znak.com.pl\/blog\/wp-content\/uploads\/2025\/10\/znak_logo_black-1.svg\",\"width\":1,\"height\":1,\"caption\":\"ZNAK Blog\"},\"image\":{\"@id\":\"https:\/\/blog-backend.znak.com.pl\/#\/schema\/logo\/image\/\"}},{\"@type\":\"Person\",\"@id\":\"https:\/\/blog-backend.znak.com.pl\/#\/schema\/person\/8c574907bbf42d44be35407ae8b1af73\",\"name\":\"Adrianna Kapelak\",\"image\":{\"@type\":\"ImageObject\",\"inLanguage\":\"pl-PL\",\"@id\":\"https:\/\/blog-backend.znak.com.pl\/#\/schema\/person\/image\/\",\"url\":\"https:\/\/secure.gravatar.com\/avatar\/7985877fa53ab6adfd2e2e5125e20f12d0443bcf5301a0e2cf192ddc7f1ac740?s=96&d=identicon&r=g\",\"contentUrl\":\"https:\/\/secure.gravatar.com\/avatar\/7985877fa53ab6adfd2e2e5125e20f12d0443bcf5301a0e2cf192ddc7f1ac740?s=96&d=identicon&r=g\",\"caption\":\"Adrianna Kapelak\"},\"url\":\"https:\/\/blog-backend.znak.com.pl\/author\/kapelakznak-com-pl\/\"}]}<\/script>\n<!-- \/ Yoast SEO plugin. -->","yoast_head_json":{"title":"Co czytali\u015bmy w marcu? TOP ksi\u0105\u017cek miesi\u0105ca w Ksi\u0119garni Znak!","description":"Za nami kolejny miesi\u0105c, a wraz z nim stosy przeczytanych stron i niezapomnianych emocji. Sprawdzili\u015bmy, co najch\u0119tniej czytali\u015bcie w marcu!","robots":{"index":"index","follow":"follow","max-snippet":"max-snippet:-1","max-image-preview":"max-image-preview:large","max-video-preview":"max-video-preview:-1"},"canonical":"https:\/\/www.znak.com.pl\/blog\/ksiegarnia-znak-bestsellery-marzec-2026\/","og_locale":"pl_PL","og_type":"article","og_title":"Co czytali\u015bmy w marcu? TOP ksi\u0105\u017cek miesi\u0105ca w Ksi\u0119garni Znak!","og_description":"Za nami kolejny miesi\u0105c, a wraz z nim stosy przeczytanych stron i niezapomnianych emocji. Sprawdzili\u015bmy, co najch\u0119tniej czytali\u015bcie w marcu!","og_url":"https:\/\/blog-backend.znak.com.pl\/ksiegarnia-znak-bestsellery-marzec-2026\/","og_site_name":"ZNAK Blog","article_published_time":"2026-04-15T10:41:43+00:00","article_modified_time":"2026-04-15T10:50:31+00:00","og_image":[{"width":1200,"height":600,"url":"https:\/\/blog-backend.znak.com.pl\/wp-content\/uploads\/2026\/04\/Hity_marca.png","type":"image\/png"}],"author":"Adrianna Kapelak","twitter_card":"summary_large_image","twitter_misc":{"Napisane przez":"Adrianna Kapelak","Szacowany czas czytania":"8 minut"},"schema":{"@context":"https:\/\/schema.org","@graph":[{"@type":"Article","@id":"https:\/\/blog-backend.znak.com.pl\/ksiegarnia-znak-bestsellery-marzec-2026\/#article","isPartOf":{"@id":"https:\/\/blog-backend.znak.com.pl\/ksiegarnia-znak-bestsellery-marzec-2026\/"},"author":{"name":"Adrianna Kapelak","@id":"https:\/\/blog-backend.znak.com.pl\/#\/schema\/person\/8c574907bbf42d44be35407ae8b1af73"},"headline":"Co czytali\u015bmy w&nbsp;marcu? Hity ubieg\u0142ego miesi\u0105ca w&nbsp;Ksi\u0119garni Znak!","datePublished":"2026-04-15T10:41:43+00:00","dateModified":"2026-04-15T10:50:31+00:00","mainEntityOfPage":{"@id":"https:\/\/blog-backend.znak.com.pl\/ksiegarnia-znak-bestsellery-marzec-2026\/"},"wordCount":1408,"commentCount":0,"publisher":{"@id":"https:\/\/blog-backend.znak.com.pl\/#organization"},"image":{"@id":"https:\/\/blog-backend.znak.com.pl\/ksiegarnia-znak-bestsellery-marzec-2026\/#primaryimage"},"thumbnailUrl":"https:\/\/blog-backend.znak.com.pl\/wp-content\/uploads\/2026\/04\/Hity_marca.png","keywords":["hity miesi\u0105ca Ksi\u0119garni Znak"],"articleSection":["Nowo\u015bci","Rankingi"],"inLanguage":"pl-PL","potentialAction":[{"@type":"CommentAction","name":"Comment","target":["https:\/\/blog-backend.znak.com.pl\/ksiegarnia-znak-bestsellery-marzec-2026\/#respond"]}]},{"@type":"WebPage","@id":"https:\/\/blog-backend.znak.com.pl\/ksiegarnia-znak-bestsellery-marzec-2026\/","url":"https:\/\/blog-backend.znak.com.pl\/ksiegarnia-znak-bestsellery-marzec-2026\/","name":"Co czytali\u015bmy w marcu? TOP ksi\u0105\u017cek miesi\u0105ca w Ksi\u0119garni Znak!","isPartOf":{"@id":"https:\/\/blog-backend.znak.com.pl\/#website"},"primaryImageOfPage":{"@id":"https:\/\/blog-backend.znak.com.pl\/ksiegarnia-znak-bestsellery-marzec-2026\/#primaryimage"},"image":{"@id":"https:\/\/blog-backend.znak.com.pl\/ksiegarnia-znak-bestsellery-marzec-2026\/#primaryimage"},"thumbnailUrl":"https:\/\/blog-backend.znak.com.pl\/wp-content\/uploads\/2026\/04\/Hity_marca.png","datePublished":"2026-04-15T10:41:43+00:00","dateModified":"2026-04-15T10:50:31+00:00","description":"Za nami kolejny miesi\u0105c, a wraz z nim stosy przeczytanych stron i niezapomnianych emocji. Sprawdzili\u015bmy, co najch\u0119tniej czytali\u015bcie w marcu!","breadcrumb":{"@id":"https:\/\/blog-backend.znak.com.pl\/ksiegarnia-znak-bestsellery-marzec-2026\/#breadcrumb"},"inLanguage":"pl-PL","potentialAction":[{"@type":"ReadAction","target":["https:\/\/blog-backend.znak.com.pl\/ksiegarnia-znak-bestsellery-marzec-2026\/"]}]},{"@type":"ImageObject","inLanguage":"pl-PL","@id":"https:\/\/blog-backend.znak.com.pl\/ksiegarnia-znak-bestsellery-marzec-2026\/#primaryimage","url":"https:\/\/blog-backend.znak.com.pl\/wp-content\/uploads\/2026\/04\/Hity_marca.png","contentUrl":"https:\/\/blog-backend.znak.com.pl\/wp-content\/uploads\/2026\/04\/Hity_marca.png","width":1200,"height":600,"caption":"Tekst \"Hity marca Ksi\u0119garni Znak. To kupowali\u015bcie najch\u0119tniej!\", poni\u017cej ok\u0142adki ksi\u0105\u017cek: \"Traktat o \u0142uskaniu fasoli\", \"Ostatnie rozdanie\", \"Kamie\u0144 na kamieniu\" Wies\u0142awa My\u015bliwskiego i \"Siedem wa\u017cnych s\u0142\u00f3w\" Micha\u0142a Hellera i Wojciecha Bonowicza"},{"@type":"BreadcrumbList","@id":"https:\/\/blog-backend.znak.com.pl\/ksiegarnia-znak-bestsellery-marzec-2026\/#breadcrumb","itemListElement":[{"@type":"ListItem","position":1,"name":"Strona g\u0142\u00f3wna","item":"https:\/\/blog-backend.znak.com.pl\/"},{"@type":"ListItem","position":2,"name":"Co czytali\u015bmy w marcu? Hity ubieg\u0142ego miesi\u0105ca w Ksi\u0119garni Znak!"}]},{"@type":"WebSite","@id":"https:\/\/blog-backend.znak.com.pl\/#website","url":"https:\/\/blog-backend.znak.com.pl\/","name":"ZNAK Blog","description":"","publisher":{"@id":"https:\/\/blog-backend.znak.com.pl\/#organization"},"potentialAction":[{"@type":"SearchAction","target":{"@type":"EntryPoint","urlTemplate":"https:\/\/blog-backend.znak.com.pl\/?s={search_term_string}"},"query-input":{"@type":"PropertyValueSpecification","valueRequired":true,"valueName":"search_term_string"}}],"inLanguage":"pl-PL"},{"@type":"Organization","@id":"https:\/\/blog-backend.znak.com.pl\/#organization","name":"ZNAK Blog","url":"https:\/\/blog-backend.znak.com.pl\/","logo":{"@type":"ImageObject","inLanguage":"pl-PL","@id":"https:\/\/blog-backend.znak.com.pl\/#\/schema\/logo\/image\/","url":"https:\/\/www.znak.com.pl\/blog\/wp-content\/uploads\/2025\/10\/znak_logo_black-1.svg","contentUrl":"https:\/\/www.znak.com.pl\/blog\/wp-content\/uploads\/2025\/10\/znak_logo_black-1.svg","width":1,"height":1,"caption":"ZNAK Blog"},"image":{"@id":"https:\/\/blog-backend.znak.com.pl\/#\/schema\/logo\/image\/"}},{"@type":"Person","@id":"https:\/\/blog-backend.znak.com.pl\/#\/schema\/person\/8c574907bbf42d44be35407ae8b1af73","name":"Adrianna Kapelak","image":{"@type":"ImageObject","inLanguage":"pl-PL","@id":"https:\/\/blog-backend.znak.com.pl\/#\/schema\/person\/image\/","url":"https:\/\/secure.gravatar.com\/avatar\/7985877fa53ab6adfd2e2e5125e20f12d0443bcf5301a0e2cf192ddc7f1ac740?s=96&d=identicon&r=g","contentUrl":"https:\/\/secure.gravatar.com\/avatar\/7985877fa53ab6adfd2e2e5125e20f12d0443bcf5301a0e2cf192ddc7f1ac740?s=96&d=identicon&r=g","caption":"Adrianna Kapelak"},"url":"https:\/\/blog-backend.znak.com.pl\/author\/kapelakznak-com-pl\/"}]}},"_links":{"self":[{"href":"https:\/\/blog-backend.znak.com.pl\/wp-json\/wp\/v2\/posts\/599","targetHints":{"allow":["GET"]}}],"collection":[{"href":"https:\/\/blog-backend.znak.com.pl\/wp-json\/wp\/v2\/posts"}],"about":[{"href":"https:\/\/blog-backend.znak.com.pl\/wp-json\/wp\/v2\/types\/post"}],"author":[{"embeddable":true,"href":"https:\/\/blog-backend.znak.com.pl\/wp-json\/wp\/v2\/users\/6"}],"replies":[{"embeddable":true,"href":"https:\/\/blog-backend.znak.com.pl\/wp-json\/wp\/v2\/comments?post=599"}],"version-history":[{"count":3,"href":"https:\/\/blog-backend.znak.com.pl\/wp-json\/wp\/v2\/posts\/599\/revisions"}],"predecessor-version":[{"id":619,"href":"https:\/\/blog-backend.znak.com.pl\/wp-json\/wp\/v2\/posts\/599\/revisions\/619"}],"wp:featuredmedia":[{"embeddable":true,"href":"https:\/\/blog-backend.znak.com.pl\/wp-json\/wp\/v2\/media\/600"}],"wp:attachment":[{"href":"https:\/\/blog-backend.znak.com.pl\/wp-json\/wp\/v2\/media?parent=599"}],"wp:term":[{"taxonomy":"category","embeddable":true,"href":"https:\/\/blog-backend.znak.com.pl\/wp-json\/wp\/v2\/categories?post=599"},{"taxonomy":"post_tag","embeddable":true,"href":"https:\/\/blog-backend.znak.com.pl\/wp-json\/wp\/v2\/tags?post=599"}],"curies":[{"name":"wp","href":"https:\/\/api.w.org\/{rel}","templated":true}]}}