{"id":620,"date":"2026-04-20T14:02:17","date_gmt":"2026-04-20T12:02:17","guid":{"rendered":"https:\/\/blog-backend.znak.com.pl\/?p=620"},"modified":"2026-04-21T10:10:48","modified_gmt":"2026-04-21T08:10:48","slug":"prasowka-ksiegarni-znak-20-04-2026","status":"publish","type":"post","link":"https:\/\/blog-backend.znak.com.pl\/prasowka-ksiegarni-znak-20-04-2026\/","title":{"rendered":"Pras\u00f3wka Znaku #2: aktualno\u015bci ze \u015bwiata ksi\u0105\u017cki (20 kwietnia 2026)"},"content":{"rendered":"<div id=\"bsf_rt_marker\"><\/div>\n<p>Czym w&nbsp;ostatnich tygodniach \u017cy\u0142 \u015bwiat ksi\u0105\u017cki? Jakie wydarzenia wstrz\u0105sn\u0119\u0142y czytelnikami i&nbsp;rozbudza\u0142y szczeg\u00f3lne emocje? W&nbsp;drugim odcinku naszej pras\u00f3wki informujemy o&nbsp;wszystkim, co warto wiedzie\u0107 na temat literackiego uniwersum. Przeprowadzamy Was przez to, co najwa\u017cniejsze w&nbsp;ostatnim miesi\u0105cu: od po\u017cegna\u0144 wielkich mistrz\u00f3w pi\u00f3ra, przez raporty o&nbsp;stanie czytelnictwa i&nbsp;nominacje do istotnych nagr\u00f3d literackich, a\u017c po ujawnienie prawdziwej to\u017csamo\u015bci autorki bestsellerowych krymina\u0142\u00f3w!<\/p>\n\n\n\n<div id=\"ez-toc-container\" class=\"ez-toc-v2_0_80 counter-hierarchy ez-toc-counter ez-toc-grey ez-toc-container-direction\">\n<div class=\"ez-toc-title-container\">\n<p class=\"ez-toc-title\" style=\"cursor:inherit\">Spis tre\u015bci<\/p>\n<span class=\"ez-toc-title-toggle\"><a href=\"#\" class=\"ez-toc-pull-right ez-toc-btn ez-toc-btn-xs ez-toc-btn-default ez-toc-toggle\" aria-label=\"Prze\u0142\u0105cznik Spisu Tre\u015bci\"><span class=\"ez-toc-js-icon-con\"><span class=\"\"><span class=\"eztoc-hide\" style=\"display:none;\">Toggle<\/span><span class=\"ez-toc-icon-toggle-span\"><svg style=\"fill: #999;color:#999\" xmlns=\"http:\/\/www.w3.org\/2000\/svg\" class=\"list-377408\" width=\"20px\" height=\"20px\" viewBox=\"0 0 24 24\" fill=\"none\"><path d=\"M6 6H4v2h2V6zm14 0H8v2h12V6zM4 11h2v2H4v-2zm16 0H8v2h12v-2zM4 16h2v2H4v-2zm16 0H8v2h12v-2z\" fill=\"currentColor\"><\/path><\/svg><svg style=\"fill: #999;color:#999\" class=\"arrow-unsorted-368013\" xmlns=\"http:\/\/www.w3.org\/2000\/svg\" width=\"10px\" height=\"10px\" viewBox=\"0 0 24 24\" version=\"1.2\" baseProfile=\"tiny\"><path d=\"M18.2 9.3l-6.2-6.3-6.2 6.3c-.2.2-.3.4-.3.7s.1.5.3.7c.2.2.4.3.7.3h11c.3 0 .5-.1.7-.3.2-.2.3-.5.3-.7s-.1-.5-.3-.7zM5.8 14.7l6.2 6.3 6.2-6.3c.2-.2.3-.5.3-.7s-.1-.5-.3-.7c-.2-.2-.4-.3-.7-.3h-11c-.3 0-.5.1-.7.3-.2.2-.3.5-.3.7s.1.5.3.7z\"\/><\/svg><\/span><\/span><\/span><\/a><\/span><\/div>\n<nav><ul class='ez-toc-list ez-toc-list-level-1 ' ><li class='ez-toc-page-1 ez-toc-heading-level-2'><a class=\"ez-toc-link ez-toc-heading-1\" href=\"https:\/\/blog-backend.znak.com.pl\/prasowka-ksiegarni-znak-20-04-2026\/#Odeszli_od_nas_Wieslaw_Mysliwski_i_John_Flanagan\" >Odeszli od nas: Wies\u0142aw My\u015bliwski i&nbsp;John Flanagan<\/a><\/li><li class='ez-toc-page-1 ez-toc-heading-level-2'><a class=\"ez-toc-link ez-toc-heading-2\" href=\"https:\/\/blog-backend.znak.com.pl\/prasowka-ksiegarni-znak-20-04-2026\/#Stan_czytelnictwa_w_Polsce_raport_Biblioteki_Narodowej\" >Stan czytelnictwa w&nbsp;Polsce: raport Biblioteki Narodowej<\/a><\/li><li class='ez-toc-page-1 ez-toc-heading-level-2'><a class=\"ez-toc-link ez-toc-heading-3\" href=\"https:\/\/blog-backend.znak.com.pl\/prasowka-ksiegarni-znak-20-04-2026\/#Bunt_na_francuskim_rynku_wydawniczym\" >Bunt na francuskim rynku wydawniczym<\/a><\/li><li class='ez-toc-page-1 ez-toc-heading-level-2'><a class=\"ez-toc-link ez-toc-heading-4\" href=\"https:\/\/blog-backend.znak.com.pl\/prasowka-ksiegarni-znak-20-04-2026\/#Kolejne_listy_nominacji_do_nagrod_literackich\" >Kolejne listy nominacji do nagr\u00f3d literackich<\/a><ul class='ez-toc-list-level-3' ><li class='ez-toc-heading-level-3'><a class=\"ez-toc-link ez-toc-heading-5\" href=\"https:\/\/blog-backend.znak.com.pl\/prasowka-ksiegarni-znak-20-04-2026\/#Dluga_lista_Nagrody_Wielkiego_Kalibru\" >D\u0142uga lista Nagrody Wielkiego Kalibru<\/a><\/li><li class='ez-toc-page-1 ez-toc-heading-level-3'><a class=\"ez-toc-link ez-toc-heading-6\" href=\"https:\/\/blog-backend.znak.com.pl\/prasowka-ksiegarni-znak-20-04-2026\/#Nominacje_do_Wroclawskiej_Nagrody_Poetyckiej_Silesius\" >Nominacje do Wroc\u0142awskiej Nagrody Poetyckiej Silesius<\/a><ul class='ez-toc-list-level-4' ><li class='ez-toc-heading-level-4'><a class=\"ez-toc-link ez-toc-heading-7\" href=\"https:\/\/blog-backend.znak.com.pl\/prasowka-ksiegarni-znak-20-04-2026\/#Debiut\" >Debiut<\/a><\/li><li class='ez-toc-page-1 ez-toc-heading-level-4'><a class=\"ez-toc-link ez-toc-heading-8\" href=\"https:\/\/blog-backend.znak.com.pl\/prasowka-ksiegarni-znak-20-04-2026\/#Ksiazka_roku\" >Ksi\u0105\u017cka roku<\/a><\/li><\/ul><\/li><\/ul><\/li><li class='ez-toc-page-1 ez-toc-heading-level-2'><a class=\"ez-toc-link ez-toc-heading-9\" href=\"https:\/\/blog-backend.znak.com.pl\/prasowka-ksiegarni-znak-20-04-2026\/#Kim_naprawde_jest_Freida_McFadden\" >Kim naprawd\u0119 jest Freida McFadden?<\/a><\/li><li class='ez-toc-page-1 ez-toc-heading-level-2'><a class=\"ez-toc-link ez-toc-heading-10\" href=\"https:\/\/blog-backend.znak.com.pl\/prasowka-ksiegarni-znak-20-04-2026\/#Nieznany_debiut_Stanislawa_Lema\" >Nieznany debiut Stanis\u0142awa Lema<\/a><\/li><\/ul><\/nav><\/div>\n<h2 class=\"wp-block-heading\"><span class=\"ez-toc-section\" id=\"Odeszli_od_nas_Wieslaw_Mysliwski_i_John_Flanagan\"><\/span>Odeszli od nas: Wies\u0142aw My\u015bliwski i&nbsp;John Flanagan<span class=\"ez-toc-section-end\"><\/span><\/h2>\n\n\n\n<p>Ostatnie tygodnie przynios\u0142y smutne wie\u015bci dla czytelnik\u00f3w w&nbsp;Polsce i&nbsp;na \u015bwiecie. Po\u017cegnali\u015bmy dw\u00f3ch tw\u00f3rc\u00f3w, kt\u00f3rzy \u2013&nbsp;cho\u0107 pisali w&nbsp;zupe\u0142nie innych stylach \u2013&nbsp;ukszta\u0142towali wyobra\u017ani\u0119 milion\u00f3w os\u00f3b. W&nbsp;Polsce g\u0142\u00f3wnym tematem by\u0142o odej\u015bcie <strong><a href=\"https:\/\/www.znak.com.pl\/autorzy\/wieslaw-mysliwski-12379\">Wies\u0142awa My\u015bliwskiego<\/a><\/strong> \u2013&nbsp;dwukrotnego laureata Nagrody Nike, prawdziwego mistrza literackiego i&nbsp;wirtuoza filozoficznej zadumy nad losem cz\u0142owieka. Jego \u201e<strong><a href=\"https:\/\/www.znak.com.pl\/p\/widnokrag-2026-wieslaw-mysliwski-269447\">Widnokr\u0105g<\/a><\/strong>\u201d czy \u201e<strong><a href=\"https:\/\/www.znak.com.pl\/p\/traktat-o-luskaniu-fasoli-2026-wieslaw-mysliwski-469960\">Traktat o&nbsp;\u0142uskaniu fasoli<\/a><\/strong>\u201d to absolutne fundamenty wsp\u00f3\u0142czesnej polskiej prozy. Wielu czytelnik\u00f3w wr\u00f3ci\u0142o do nich w&nbsp;ostatnim czasie, by odda\u0107 mu ho\u0142d.<\/p>\n\n\n\n<p class=\"has-text-color has-background has-link-color wp-elements-3ceb2d153d3a0a1c6bb5ee46d844bd3e\" style=\"color:#8c2218;background-color:#fff7f0\"><strong>Wi\u0119cej na temat tw\u00f3rczo\u015bci Wies\u0142awa My\u015bliwskiego przeczytacie w&nbsp;<a href=\"https:\/\/www.znak.com.pl\/blog\/zmarl-wieslaw-mysliwski\/\">po\u015bwi\u0119conym mu artykule<\/a>.<\/strong><\/p>\n\n\n\n<p>Inn\u0105 przykr\u0105 dla czytelnik\u00f3w wie\u015bci\u0105 by\u0142a wiadomo\u015b\u0107 o&nbsp;\u015bmierci <strong><a href=\"https:\/\/www.znak.com.pl\/autorzy\/john-flanagan-6582\">Johna Flanagana<\/a><\/strong> \u2013&nbsp;australijskiego autora, kt\u00f3rego <a href=\"https:\/\/www.znak.com.pl\/serie\/zwiadowcy-118\">seria \u201eZwiadowcy\u201d<\/a> sta\u0142a si\u0119 \u015bwiatowym fenomenem literatury m\u0142odzie\u017cowej, rozbudzaj\u0105c pasj\u0119 do czytania w\u015br\u00f3d ca\u0142ych pokole\u0144 nastolatk\u00f3w. Wielu starszych odbiorc\u00f3w r\u00f3wnie\u017c ch\u0119tnie zatapia\u0142o si\u0119 w&nbsp;tym \u015bwiecie. Dowodem jest fakt, \u017ce ksi\u0105\u017cki z&nbsp;serii do dzi\u015b sprzeda\u0142y si\u0119 w&nbsp;milionach egzemplarzy, by\u0142y tak\u017ce laureatkami licznych nagr\u00f3d. <\/p>\n\n\n\n<h2 class=\"wp-block-heading\"><span class=\"ez-toc-section\" id=\"Stan_czytelnictwa_w_Polsce_raport_Biblioteki_Narodowej\"><\/span>Stan czytelnictwa w&nbsp;Polsce: raport Biblioteki Narodowej<span class=\"ez-toc-section-end\"><\/span><\/h2>\n\n\n\n<p>Co roku przychodzi ten emocjonuj\u0105cy czas, gdy kolejny<strong>raport dotycz\u0105cy stanu czytelnictwa<\/strong> w&nbsp;naszym kraju wywo\u0142uje spore dyskusje w&nbsp;\u015brodowisku wydawc\u00f3w i&nbsp;odbiorc\u00f3w. W&nbsp;2026 roku dzie\u0144 ten nast\u0105pi\u0142 7&nbsp;kwietnia. Czego dowiadujemy si\u0119 z&nbsp;wynik\u00f3w bada\u0144? Czy s\u0105 powody do niepokoju? I&nbsp;tak, i&nbsp;nie \u2013&nbsp;raport wykaza\u0142, \u017ce <strong>przynajmniej jedn\u0105 ksi\u0105\u017ck\u0119 w&nbsp;ubieg\u0142ym roku przeczyta\u0142o 41% Polak\u00f3w powy\u017cej 15. roku \u017cycia<\/strong>, czyli dok\u0142adnie tyle samo, ile rok temu. Pokazuje to, \u017ce poziom czytelnictwa <strong>ustabilizowa\u0142 si\u0119<\/strong> w&nbsp;ostatnich latach na warto\u015bciach powy\u017cej 40%, ale w&nbsp;dalszym ci\u0105gu przecie\u017c marzy si\u0119 nam, by by\u0142 wy\u017cszy. Oznacza to bowiem, \u017ce ponad po\u0142owa Polak\u00f3w nie czyta\u0142a w&nbsp;2025 roku ani jednej ksi\u0105\u017cki. Czytelnictwo jest jednak du\u017co bardziej z\u0142o\u017con\u0105 kwesti\u0105, ni\u017c mog\u0142oby si\u0119 wydawa\u0107, a&nbsp;wp\u0142yw na wzrosty lub spadki ma wiele czynnik\u00f3w. W\u015br\u00f3d bardziej istotnych mo\u017cna wymieni\u0107 cho\u0107by obecno\u015b\u0107 tradycji czytelniczych w&nbsp;polskich rodzinach: bo czytanie jest przecie\u017c nawykiem, kt\u00f3ry si\u0119 nabywa, nie bierze si\u0119 znik\u0105d.<\/p>\n\n\n\n<p>Dodatkowo raport ukazuje trendy dotycz\u0105ce popularno\u015bci gatunk\u00f3w, konkretnych pisarzy oraz dane opisuj\u0105ce struktur\u0119 wieku, p\u0142ci, miejsca zamieszkania rodzimych czytelnik\u00f3w. Powtarzaj\u0105 si\u0119 zauwa\u017cone w&nbsp;ostatnich latach zale\u017cno\u015bci: \u017ce w&nbsp;Polsce w&nbsp;lekturze pogr\u0105\u017caj\u0105 si\u0119 g\u0142\u00f3wnie kobiety, osoby m\u0142ode oraz mieszka\u0144cy du\u017cych miast, a&nbsp;coraz wi\u0119cej os\u00f3b pozyskuje ksi\u0105\u017cki z&nbsp;bibliotek publicznych. Jakich pisarzy czytamy najch\u0119tniej? Tu odpowied\u017a r\u00f3wnie\u017c od kilku lat nie b\u0119dzie zaskoczeniem. Najpopularniejszym autorem w&nbsp;Polsce od dawna jest <strong><a href=\"https:\/\/www.znak.com.pl\/autorzy\/remigiusz-mroz-10813\">Remigiusz Mr\u00f3z<\/a><\/strong>, zmian mo\u017cemy spodziewa\u0107 si\u0119 g\u0142\u00f3wnie w&nbsp;dalszej cz\u0119\u015bci stawki. Co oznaczaj\u0105 te wszystkie dane dla \u015bwiata literatury? Odpowied\u017a nie jest prosta i&nbsp;jednoznaczna, podobnie jak prost\u0105 spraw\u0105 zdecydowanie nie jest zwi\u0119kszenie czytelnictwa w&nbsp;naszym kraju, mimo wielu pr\u00f3b, licznych kampanii i&nbsp;inicjatyw. Z&nbsp;tego wzgl\u0119du tre\u015b\u0107 raportu i&nbsp;wyci\u0105gane z&nbsp;niego wnioski jeszcze d\u0142ugo b\u0119d\u0105 rozgrzewa\u0107 dyskusj\u0119 publiczn\u0105 na temat przysz\u0142o\u015bci rodzimego rynku ksi\u0105\u017cki.<\/p>\n\n\n\n<p class=\"has-text-color has-background has-link-color wp-elements-ea92990b9b26d849b301d92e04006422\" style=\"color:#8c2218;background-color:#fff7f0\"><a href=\"https:\/\/www.bn.org.pl\/aktualnosci\/6010-wskazniki-czytelnictwa-w-polsce-na-stabilnym-poziomie-najnowsze-badania-biblioteki-narodowej.html\"><strong>Z pe\u0142n\u0105 tre\u015bci\u0105 raportu Biblioteki Narodowej zapoznasz si\u0119 tutaj!<\/strong><\/a><\/p>\n\n\n\n<h2 class=\"wp-block-heading\"><span class=\"ez-toc-section\" id=\"Bunt_na_francuskim_rynku_wydawniczym\"><\/span>Bunt na francuskim rynku wydawniczym<span class=\"ez-toc-section-end\"><\/span><\/h2>\n\n\n\n<p>Jak podaje rynek-ksiazki.pl, francuski \u015bwiat wydawniczy prze\u017cywa w\u0142a\u015bnie spory wstrz\u0105s. Chodzi tu konkretnie o&nbsp;wydawnictwo Grasset, od kt\u00f3rego odesz\u0142o ponad 150 autor\u00f3w. Jakie s\u0105 przyczyny tego zdarzenia? Iskr\u0105 by\u0142o w&nbsp;tym przypadku zwolnienie wieloletniego CEO oficyny, <strong>Oliviera<\/strong> <strong>Nory<\/strong>. Szanowany w&nbsp;\u015brodowisku dyrektor wydawniczy pracowa\u0142 w&nbsp;Grasset od 26 lat, wi\u0119c taka zmiana wywo\u0142a\u0142a ogromny sensacj\u0119 zar\u00f3wno wewn\u0105trz firmy, jak i&nbsp;poza ni\u0105. Oficjalnie przyczyny zwolnienia Nory nie s\u0105 znane. Dla wielu oczywistym jest jednak, \u017ce za wszystkim stoj\u0105 kwestie ideologiczne. W&nbsp;jaki spos\u00f3b? Wydawnictwo Grasset jest cz\u0119\u015bci\u0105 grupy wydawniczej <strong>Hachette<\/strong>, kt\u00f3r\u0105 z&nbsp;kolei kieruje firma <strong>Vivendi<\/strong>. Szefem Vivendi jest za\u015b <strong>Vincent<\/strong> <strong>Bollor\u00e9<\/strong>, jeden z&nbsp;najbogatszych Francuz\u00f3w. Bollor\u00e9 to magnat medialny z&nbsp;prawdziwego zdarzenia, a&nbsp;jego konglomerat por\u00f3wnuje si\u0119 do tego, kt\u00f3re stworzy\u0142 s\u0142ynny <strong>Rupert<\/strong> <strong>Murdoch<\/strong>. W&nbsp;r\u0119kach francuskiego miliardera znajduj\u0105 si\u0119 cho\u0107by grupa <strong>Canal+<\/strong> czy radio <strong>Europe 1<\/strong>. Te ogromne i&nbsp;znane media s\u0142u\u017c\u0105 jako platforma dla jego prawicowych pogl\u0105d\u00f3w politycznych, a&nbsp;w&nbsp;konsekwencji istotnie wp\u0142ywaj\u0105 na dyskusj\u0119 publiczn\u0105 we Francji.<\/p>\n\n\n\n<p>Bollor\u00e9 ju\u017c wcze\u015bniej by\u0142 adresatem zarzut\u00f3w o&nbsp;ograniczanie wolno\u015bci prasy, cho\u0107 sam twierdzi, \u017ce nie wp\u0142ywa w&nbsp;\u017caden spos\u00f3b na lini\u0119 redakcyjn\u0105 stacji czy gazet, kt\u00f3re kontroluje. Nie da si\u0119 jednak ukry\u0107, \u017ce ka\u017cdemu przej\u0119ciu przez niego du\u017cego tytu\u0142u towarzyszy skandal i&nbsp;du\u017cy odp\u0142yw pracownik\u00f3w. Podobnie wygl\u0105da to w&nbsp;przypadku wydawnictwa Grasset. Pisarze w&nbsp;opublikowanym w&nbsp;\u015brod\u0119 15 kwietnia li\u015bcie sprzeciwili si\u0119 \u201ewojnie ideologicznej\u201d, a&nbsp;tak\u017ce wzi\u0119li w&nbsp;obron\u0119 samego Oliviera Nor\u0119, okre\u015blaj\u0105c go jako cz\u0142owieka, dzi\u0119ki kt\u00f3remu do porozumienia dochodzili autorzy nawet o&nbsp;bardzo skrajnych pogl\u0105dach. Dodatkowo 19 kwietnia w&nbsp;\u201eLa Tribune Dimanche\u201d opublikowano osobn\u0105 petycj\u0119 przeciwko wp\u0142ywom polityki na du\u017ce media i&nbsp;popieraj\u0105c\u0105 wprowadzenie swoistej \u201eklauzuli sumienia\u201d w&nbsp;sektorze wydawniczym. List ten do 20 kwietnia podpisa\u0142o ponad 300 francuskich tw\u00f3rc\u00f3w, w\u015br\u00f3d nich znani i&nbsp;wydawani r\u00f3wnie\u017c w&nbsp;Polsce <strong><a href=\"https:\/\/www.znak.com.pl\/autorzy\/leila-slimani-7855\">Le\u00efla Slimani<\/a><\/strong>, <strong><a href=\"https:\/\/www.znak.com.pl\/autorzy\/herve-le-tellier-5447\">Herv\u00e9 Le Tellier<\/a><\/strong> czy<strong> <a href=\"https:\/\/www.znak.com.pl\/autorzy\/andrea-jean-baptiste-76410\">Jean-Baptiste Andrea<\/a><\/strong>. Jaki b\u0119dzie ci\u0105g dalszy tej sprawy? Warto \u015bledzi\u0107 rozw\u00f3j sytuacji, bo wkr\u00f3tce mo\u017ce stanowi\u0107 gor\u0105cy temat r\u00f3wnie\u017c poza ba\u0144k\u0105 \u015bwiata wydawniczego.<\/p>\n\n\n\n<h2 class=\"wp-block-heading\"><span class=\"ez-toc-section\" id=\"Kolejne_listy_nominacji_do_nagrod_literackich\"><\/span>Kolejne listy nominacji do nagr\u00f3d literackich<span class=\"ez-toc-section-end\"><\/span><\/h2>\n\n\n\n<p>Sezon na nagrody w&nbsp;pe\u0142ni! Poznali\u015bmy kolejne listy nominacji, do tego w&nbsp;dw\u00f3ch do\u015b\u0107 r\u00f3\u017cnych dziedzinach: krymina\u0142u oraz poezji. Sprawd\u017a, kt\u00f3re z&nbsp;ksi\u0105\u017cek maj\u0105 szans\u0119 na presti\u017cowe wyr\u00f3\u017cnienia i&nbsp;koniecznie dopisz je do swojej listy \u201edo przeczytania\u201d!<\/p>\n\n\n\n<h3 class=\"wp-block-heading\"><span class=\"ez-toc-section\" id=\"Dluga_lista_Nagrody_Wielkiego_Kalibru\"><\/span>D\u0142uga lista Nagrody Wielkiego Kalibru<span class=\"ez-toc-section-end\"><\/span><\/h3>\n\n\n\n<p>6 kwietnia <strong>Mi\u0119dzynarodowy Festiwal Krymina\u0142u we Wroc\u0142awiu<\/strong> <a href=\"https:\/\/festiwal.portalkryminalny.pl\/nagroda-wielkiego-kalibru\/2031\/nagroda-wielkiego-kalibru-dluga-lista\">og\u0142osi\u0142 d\u0142ug\u0105 list\u0119 ksi\u0105\u017cek<\/a> walcz\u0105cych o&nbsp;miano <strong>najlepszego polskiego krymina\u0142u<\/strong> ubieg\u0142ego roku. Wyb\u00f3r z&nbsp;pewno\u015bci\u0105 nie by\u0142 \u0142atwy \u2013&nbsp;do nagrody zg\u0142oszono 167 tytu\u0142\u00f3w. Podajemy pe\u0142en sk\u0142ad nominacji:<\/p>\n\n\n\n<ul class=\"wp-block-list\">\n<li>Hanna Szczukowska-Bia\u0142ys, \u201eO\u0107ma\u201d (SQN),<\/li>\n\n\n\n<li>Marcel Fr\u0105tczak, \u201eZamglone\u201d (Wydawnictwo Niebieskie),<\/li>\n\n\n\n<li>Agnieszka Graca, \u201ePodniebie\u201d (Agora),<\/li>\n\n\n\n<li>Amelia Jab\u0142o\u0144ska, \u201ePrzemiana\u201d (SQN),<\/li>\n\n\n\n<li>Agnieszka Je\u017c, \u201e\u015amier\u0107 w&nbsp;skalnym lesie\u201d (Luna),<\/li>\n\n\n\n<li>Anna Ka\u0144toch, \u201eTrzecia osoba\u201d (Marginesy),<\/li>\n\n\n\n<li>Grzegorz Karwowski, \u201eOdcienie przemocy\u201d (Novae Res),<\/li>\n\n\n\n<li>Przemys\u0142aw Kowalewski, \u201eKurort\u201d (Filia),<\/li>\n\n\n\n<li>Pawe\u0142 Kozio\u0142, \u201eAzard\u201d (Drzazgi),<\/li>\n\n\n\n<li>Gra\u017cyna Molska, \u201eProfilerka. J\u00e4stre\u201d (Pr\u00f3szy\u0144ski i&nbsp;S-ka),<\/li>\n\n\n\n<li>J\u0119drzej Pasierski, \u201eBogowie ma\u0142ego morza\u201d (Wydawnictwo Literackie),<\/li>\n\n\n\n<li>Marta Ryczko, \u201eZ mi\u0142o\u015bci\u201d (Mando),<\/li>\n\n\n\n<li>Maciej Siembieda, \u201eGo\u0142oborze\u201d (Znak Literanova),<\/li>\n\n\n\n<li>Maryla Szymiczkowa (Jacek Dehnel, Piotr Tarczy\u0144ski), \u201eSzale\u0144stwo i&nbsp;\u015bmier\u0107 sp\u0142yn\u0105 z&nbsp;g\u00f3r\u201d (Znak Literanova),<\/li>\n\n\n\n<li>Marcin Silwanow, \u201eMotyw osobisty\u201d (Wydawnictwo Niebieskie),<\/li>\n\n\n\n<li>Micha\u0142 Wierzba, \u201eAgat\u201d (W.A.B.),<\/li>\n\n\n\n<li>Kinga W\u00f3jcik, \u201eJedna noc\u201d (Pr\u00f3szy\u0144ski i&nbsp;S-ka).<\/li>\n<\/ul>\n\n\n\n<p>Kt\u00f3ra z&nbsp;tych ksi\u0105\u017cek si\u0119gnie po najwy\u017cszy laur? Na wyniki przyjdzie nam chwil\u0119 poczeka\u0107. Laureaci Nagrody Wielkiego Kalibru zostan\u0105 og\u0142oszeni 30 maja podczas uroczystej gali. Wcze\u015bniej, bo do 5&nbsp;maja, poznamy kr\u00f3tk\u0105 list\u0119 nominowanych, a&nbsp;wi\u0119c \u015bcis\u0142y fina\u0142. Warto uzbroi\u0107 si\u0119 w&nbsp;cierpliwo\u015b\u0107!<\/p>\n\n\n\n<h3 class=\"wp-block-heading\"><span class=\"ez-toc-section\" id=\"Nominacje_do_Wroclawskiej_Nagrody_Poetyckiej_Silesius\"><\/span>Nominacje do Wroc\u0142awskiej Nagrody Poetyckiej Silesius<span class=\"ez-toc-section-end\"><\/span><\/h3>\n\n\n\n<p>W\u015br\u00f3d wielbicieli poezji r\u00f3wnie\u017c zapanowa\u0142o poruszenie \u2013&nbsp;og\u0142oszono nominacje do <strong>19. edycji Wroc\u0142awskiej Nagrody Poetyckiej Silesius<\/strong>. Opr\u00f3cz nazwisk poet\u00f3w nominowanych w&nbsp;kategoriach \u201eDebiut\u201d oraz \u201eKsi\u0105\u017cka roku\u201d poznali\u015bmy ju\u017c jednego laureata Silesiusa. Nagrod\u0119 za ca\u0142okszta\u0142t tw\u00f3rczo\u015bci otrzyma <strong><a href=\"https:\/\/www.znak.com.pl\/autorzy\/gora-konrad-20575\">Konrad G\u00f3ra<\/a><\/strong>.<\/p>\n\n\n\n<h4 class=\"wp-block-heading\"><span class=\"ez-toc-section\" id=\"Debiut\"><\/span>Debiut<span class=\"ez-toc-section-end\"><\/span><\/h4>\n\n\n\n<ul class=\"wp-block-list\">\n<li>Dominika Filipowicz, \u201eGap\u201d (Wsp\u00f3lny Pok\u00f3j)<\/li>\n\n\n\n<li>Natalia Roguz, \u201eGdzie rzeki p\u0142yn\u0105 pod ziemi\u0105\u201d (Austeria)<\/li>\n\n\n\n<li>Aga Zano, \u201eczwarte wymieranie\u201d (Warstwy)<\/li>\n<\/ul>\n\n\n\n<h4 class=\"wp-block-heading\"><span class=\"ez-toc-section\" id=\"Ksiazka_roku\"><\/span>Ksi\u0105\u017cka roku<span class=\"ez-toc-section-end\"><\/span><\/h4>\n\n\n\n<ul class=\"wp-block-list\">\n<li>Justyna Kulikowska, \u201eWnyki dla \u015bwiat\u0142a\u201d (Wydawnictwo WBPiCAK w&nbsp;Poznaniu)<\/li>\n\n\n\n<li>Piotr Matywiecki, \u201eEpika\u201d (Biuro Literackie)<\/li>\n\n\n\n<li>Marcin Mokry, \u201eSolarysze\u201d (Fundacja na Rzecz Kultury i&nbsp;Edukacji im. Tymoteusza Karpowicza)<\/li>\n\n\n\n<li>Kasper Pfeifer, \u201eZna swoje miejsce\u201d (Stowarzyszenie Pisarzy Polskich Oddzia\u0142 w&nbsp;\u0141odzi i&nbsp;Dom Literatury w&nbsp;\u0141odzi)<\/li>\n\n\n\n<li>Eugeniusz Tkaczyszyn-Dycki, \u201ePrzesz\u0142o\u015b\u0107 zagarnia swoje pi\u0119kne dzieci\u201d (Wydawnictwo Znak)<\/li>\n<\/ul>\n\n\n\n<p>A kiedy poznamy laureat\u00f3w? R\u00f3wnie\u017c w&nbsp;maju \u2013&nbsp;bo w\u0142a\u015bnie w&nbsp;tym miesi\u0105cu ma miejsce Mi\u0119dzynarodowy Festiwal Poezji Silesius. Wr\u0119czenie Silesius\u00f3w odb\u0119dzie si\u0119 w&nbsp;sobot\u0119 23 maja. Podczas gali zostanie nagrodzony tak\u017ce laureat Nagrody Ossolineum za Przek\u0142ad Poetycki. T\u0119 dat\u0119 dobrze wi\u0119c zanotowa\u0107 w&nbsp;kalendarzu!<\/p>\n\n\n\n<h2 class=\"wp-block-heading\"><span class=\"ez-toc-section\" id=\"Kim_naprawde_jest_Freida_McFadden\"><\/span>Kim naprawd\u0119 jest Freida McFadden?<span class=\"ez-toc-section-end\"><\/span><\/h2>\n\n\n\n<p>Zagadka rozwi\u0105zana! W&nbsp;kwietniu dowiedzieli\u015bmy si\u0119, jak naprawd\u0119 nazywa si\u0119 autorka jednego z&nbsp;najgor\u0119tszych bestseller\u00f3w ostatnich miesi\u0119cy. Mowa o&nbsp;<strong><a href=\"https:\/\/www.znak.com.pl\/autorzy\/freida-mcfadden-32978\">Freidzie McFadden<\/a><\/strong>, kt\u00f3ra stoi za sukcesem thrillera psychologicznego \u201e<strong><a href=\"https:\/\/www.znak.com.pl\/p\/pomoc-domowa-freida-mcfadden-186491\">Pomoc domowa<\/a><\/strong>\u201d oraz kolejnych cz\u0119\u015bci <strong><a href=\"https:\/\/www.znak.com.pl\/serie\/millie-calloway-72\">serii o&nbsp;Millie Calloway<\/a><\/strong> zatytu\u0142owanych \u201e<strong><a href=\"https:\/\/www.znak.com.pl\/p\/pomoc-domowa-z-ukrycia-freida-mcfadden-245549\">Z ukrycia<\/a><\/strong>\u201d oraz \u201e<strong><a href=\"https:\/\/www.znak.com.pl\/p\/pomoc-domowa-sekret-freida-mcfadden-193841\">Sekret<\/a><\/strong>\u201d. Na podstawie pierwszej z&nbsp;ksi\u0105\u017cek powsta\u0142 <strong>hitowy film<\/strong>, a&nbsp;w&nbsp;g\u0142\u00f3wnych rolach wyst\u0105pi\u0142y <strong>Sydney Sweeney<\/strong> i&nbsp;<strong>Amanda Seyfried<\/strong>. Z&nbsp;pewno\u015bci\u0105 sukces produkcji zwi\u0119kszy\u0142 zainteresowanie sam\u0105 postaci\u0105 autorki ksi\u0105\u017cek, kt\u00f3ra do tej pory skrz\u0119tnie ukrywa\u0142a swoj\u0105 prawdziw\u0105 to\u017csamo\u015b\u0107, a&nbsp;w&nbsp;miejscach publicznych wyst\u0119powa\u0142a w&nbsp;okularach i&nbsp;peruce. Zdecydowa\u0142a si\u0119 jednak na ujawnienie w\u0142asnego nazwiska.<\/p>\n\n\n\n<p>Mo\u017cemy wi\u0119c poda\u0107, \u017ce <strong>Freida McFadden tak naprawd\u0119 nazywa si\u0119 Sara Cohen<\/strong>, a&nbsp;sama pisarka pokaza\u0142a si\u0119 w&nbsp;mediach bez przebrania. Dlaczego ukrywa\u0142a prawdziwe dane? Jak mo\u017cemy przeczyta\u0107 na \u0142amach People.com, nie chcia\u0142a, by kariera pisarki k\u0142\u00f3ci\u0142a si\u0119 z&nbsp;jej codzienn\u0105 prac\u0105 \u2013&nbsp;leczeniem uraz\u00f3w m\u00f3zgu. McFadden pragn\u0119\u0142a zachowa\u0107 oba \u017cycia, bo w&nbsp;ka\u017cdym czu\u0142a si\u0119 spe\u0142niona \u2013&nbsp;zar\u00f3wno w&nbsp;pisaniu porywaj\u0105cych powie\u015bci, jak i&nbsp;w&nbsp;pomaganiu pacjentom. Sk\u0105d wi\u0119c decyzja, by po tylu latach w&nbsp;ko\u0144cu si\u0119 ujawni\u0107? Sama pisarka twierdzi, \u017ce jej tajemnica zacz\u0119\u0142a \u017cy\u0107 w\u0142asnym \u017cyciem. Autorka mia\u0142a do\u015b\u0107 domys\u0142\u00f3w i&nbsp;teorii na ten temat. Pragn\u0119\u0142a przy tym potwierdzi\u0107, \u017ce jest prawdziw\u0105 osob\u0105. M\u00f3wi jednak otwarcie, \u017ce nast\u0119pne ksi\u0105\u017cki planuje wci\u0105\u017c publikowa\u0107 pod pseudonimem. Czekamy wi\u0119c na <strong>kolejne powie\u015bci Freidy McFadden<\/strong>!<\/p>\n\n\n\n<h2 class=\"wp-block-heading\"><span class=\"ez-toc-section\" id=\"Nieznany_debiut_Stanislawa_Lema\"><\/span>Nieznany debiut Stanis\u0142awa Lema<span class=\"ez-toc-section-end\"><\/span><\/h2>\n\n\n\n<p>Koniec marca przyni\u00f3s\u0142 osobliwe znalezisko: prawdopodobnie pierwsze opowiadanie <strong><a href=\"https:\/\/www.znak.com.pl\/autorzy\/stanislaw-lem-11521\">Stanis\u0142awa Lema<\/a><\/strong>, \u015bwiatowej s\u0142awy mistrza <strong>science fiction<\/strong>. Tekst napisany przez 14-letniego przysz\u0142ego pisarza odnalaz\u0142 Wiktor Ja\u017aniewicz. Badacz natrafi\u0142 na nie, przegl\u0105daj\u0105c archiwa Uniwersytetu Marii Sk\u0142odowskiej-Curie. Opowiadanie o&nbsp;tytule \u201e<strong>Zaczarowana historja<\/strong>\u201d (pisownia oryginalna) opublikowano w&nbsp;pi\u015bmie \u201ePolska Niepodleg\u0142a\u201d w&nbsp;1936 roku. Co opisa\u0142 Lem, podpisany pod tekstem jako \u201eucze\u0144 klasy III. gimn\u201d? To opowie\u015b\u0107 rodem ze snu, wype\u0142niona po brzegi czarnym humorem. Cho\u0107 jest kr\u00f3tka, nie ma w\u0105tpliwo\u015bci: to zapowied\u017a przysz\u0142ego stylu Stanis\u0142awa Lema. A&nbsp;oficjalnie literacko mia\u0142 on przecie\u017c zadebiutowa\u0107 dopiero za 10 lat: powie\u015bci\u0105 \u201e<strong><a href=\"https:\/\/www.znak.com.pl\/p\/czlowiek-z-marsa-stanislaw-lem-195350\">Cz\u0142owiek z&nbsp;Marsa<\/a><\/strong>\u201d publikowan\u0105 w&nbsp;odcinkach w&nbsp;1946 roku. Czytaj\u0105c humorystyczne opowiadanie, mo\u017cna si\u0119 jedynie zastanawia\u0107: czy ten 14-latek mia\u0142 ju\u017c wtedy prawo przypuszcza\u0107, \u017ce w&nbsp;przysz\u0142o\u015bci zostanie <strong>najcz\u0119\u015bciej t\u0142umaczonym polskim pisarzem<\/strong>? Pewne jest przecie\u017c, \u017ce Lem w&nbsp;ko\u0144cu wyr\u00f3s\u0142 na prawdziwego mistrza w&nbsp;tworzeniu wizji tego, co dopiero ma nadej\u015b\u0107!<\/p>\n\n\n\n<p class=\"has-text-color has-background has-link-color wp-elements-94c8cff6353c8643cc0cfa4764aa684b\" style=\"color:#8c2218;background-color:#fff7f0\"><a href=\"https:\/\/bc.umcs.pl\/dlibra\/publication\/23255\/edition\/20417\/content?fbclid=IwY2xjawRUC1VleHRuA2FlbQIxMABicmlkETF1dXRpRG9sQlY3Q203ZEthc3J0YwZhcHBfaWQQMjIyMDM5MTc4ODIwMDg5MgABHlsXPDIMZlF9DAhYOdoem9FNTfgr9sj66Wwk2DxrbdNV54DdWP_NLyTh99qn_aem_o9ICkRgjyMTOe8naFn-rsQ\"><strong>Pe\u0142n\u0105 tre\u015b\u0107 opowiadania nastoletniego Lema przeczytasz tutaj!<\/strong><\/a><\/p>\n","protected":false},"excerpt":{"rendered":"<p>W drugim odcinku naszej pras\u00f3wki informujemy o wszystkim, co warto wiedzie\u0107 na temat \u015bwiata ksi\u0105\u017cki. Przeprowadzamy Was przez to, co najwa\u017cniejsze w ostatnim miesi\u0105cu!<\/p>\n","protected":false},"author":6,"featured_media":621,"comment_status":"open","ping_status":"open","sticky":false,"template":"","format":"standard","meta":{"_acf_changed":false,"footnotes":""},"categories":[21,1],"tags":[19],"class_list":["post-620","post","type-post","status-publish","format-standard","has-post-thumbnail","hentry","category-aktualnosci","category-nowosci","tag-prasowka-znaku"],"acf":[],"yoast_head":"<!-- This site is optimized with the Yoast SEO plugin v26.0 - https:\/\/yoast.com\/wordpress\/plugins\/seo\/ -->\n<title>Pras\u00f3wka Znaku: aktualno\u015bci ze \u015bwiata ksi\u0105\u017cki (20.04.2026)<\/title>\n<meta name=\"description\" content=\"Oto najg\u0142o\u015bniejsze aktualno\u015bci ze \u015bwiata ksi\u0105\u017cki!\" \/>\n<meta name=\"robots\" content=\"index, follow, max-snippet:-1, max-image-preview:large, max-video-preview:-1\" \/>\n<link rel=\"canonical\" href=\"https:\/\/www.znak.com.pl\/blog\/prasowka-ksiegarni-znak-20-04-2026\/\" \/>\n<meta property=\"og:locale\" content=\"pl_PL\" \/>\n<meta property=\"og:type\" content=\"article\" \/>\n<meta property=\"og:title\" content=\"Pras\u00f3wka Znaku: aktualno\u015bci ze \u015bwiata ksi\u0105\u017cki (20.04.2026)\" \/>\n<meta property=\"og:description\" content=\"Oto najg\u0142o\u015bniejsze aktualno\u015bci ze \u015bwiata ksi\u0105\u017cki!\" \/>\n<meta property=\"og:url\" content=\"https:\/\/blog-backend.znak.com.pl\/prasowka-ksiegarni-znak-20-04-2026\/\" \/>\n<meta property=\"og:site_name\" content=\"ZNAK Blog\" \/>\n<meta property=\"article:published_time\" content=\"2026-04-20T12:02:17+00:00\" \/>\n<meta property=\"article:modified_time\" content=\"2026-04-21T08:10:48+00:00\" \/>\n<meta property=\"og:image\" content=\"https:\/\/blog-backend.znak.com.pl\/wp-content\/uploads\/2026\/04\/Prasowka_2004.png\" \/>\n\t<meta property=\"og:image:width\" content=\"1200\" \/>\n\t<meta property=\"og:image:height\" content=\"600\" \/>\n\t<meta property=\"og:image:type\" content=\"image\/png\" \/>\n<meta name=\"author\" content=\"Adrianna Kapelak\" \/>\n<meta name=\"twitter:card\" content=\"summary_large_image\" \/>\n<meta name=\"twitter:label1\" content=\"Napisane przez\" \/>\n\t<meta name=\"twitter:data1\" content=\"Adrianna Kapelak\" \/>\n\t<meta name=\"twitter:label2\" content=\"Szacowany czas czytania\" \/>\n\t<meta name=\"twitter:data2\" content=\"10 minut\" \/>\n<script type=\"application\/ld+json\" class=\"yoast-schema-graph\">{\"@context\":\"https:\/\/schema.org\",\"@graph\":[{\"@type\":\"Article\",\"@id\":\"https:\/\/blog-backend.znak.com.pl\/prasowka-ksiegarni-znak-20-04-2026\/#article\",\"isPartOf\":{\"@id\":\"https:\/\/blog-backend.znak.com.pl\/prasowka-ksiegarni-znak-20-04-2026\/\"},\"author\":{\"name\":\"Adrianna Kapelak\",\"@id\":\"https:\/\/blog-backend.znak.com.pl\/#\/schema\/person\/8c574907bbf42d44be35407ae8b1af73\"},\"headline\":\"Pras\u00f3wka Znaku #2: aktualno\u015bci ze \u015bwiata ksi\u0105\u017cki (20 kwietnia 2026)\",\"datePublished\":\"2026-04-20T12:02:17+00:00\",\"dateModified\":\"2026-04-21T08:10:48+00:00\",\"mainEntityOfPage\":{\"@id\":\"https:\/\/blog-backend.znak.com.pl\/prasowka-ksiegarni-znak-20-04-2026\/\"},\"wordCount\":1973,\"commentCount\":0,\"publisher\":{\"@id\":\"https:\/\/blog-backend.znak.com.pl\/#organization\"},\"image\":{\"@id\":\"https:\/\/blog-backend.znak.com.pl\/prasowka-ksiegarni-znak-20-04-2026\/#primaryimage\"},\"thumbnailUrl\":\"https:\/\/blog-backend.znak.com.pl\/wp-content\/uploads\/2026\/04\/Prasowka_2004.png\",\"keywords\":[\"Pras\u00f3wka Znaku\"],\"articleSection\":[\"Aktualno\u015bci\",\"Nowo\u015bci\"],\"inLanguage\":\"pl-PL\",\"potentialAction\":[{\"@type\":\"CommentAction\",\"name\":\"Comment\",\"target\":[\"https:\/\/blog-backend.znak.com.pl\/prasowka-ksiegarni-znak-20-04-2026\/#respond\"]}]},{\"@type\":\"WebPage\",\"@id\":\"https:\/\/blog-backend.znak.com.pl\/prasowka-ksiegarni-znak-20-04-2026\/\",\"url\":\"https:\/\/blog-backend.znak.com.pl\/prasowka-ksiegarni-znak-20-04-2026\/\",\"name\":\"Pras\u00f3wka Znaku: aktualno\u015bci ze \u015bwiata ksi\u0105\u017cki (20.04.2026)\",\"isPartOf\":{\"@id\":\"https:\/\/blog-backend.znak.com.pl\/#website\"},\"primaryImageOfPage\":{\"@id\":\"https:\/\/blog-backend.znak.com.pl\/prasowka-ksiegarni-znak-20-04-2026\/#primaryimage\"},\"image\":{\"@id\":\"https:\/\/blog-backend.znak.com.pl\/prasowka-ksiegarni-znak-20-04-2026\/#primaryimage\"},\"thumbnailUrl\":\"https:\/\/blog-backend.znak.com.pl\/wp-content\/uploads\/2026\/04\/Prasowka_2004.png\",\"datePublished\":\"2026-04-20T12:02:17+00:00\",\"dateModified\":\"2026-04-21T08:10:48+00:00\",\"description\":\"Oto najg\u0142o\u015bniejsze aktualno\u015bci ze \u015bwiata ksi\u0105\u017cki!\",\"breadcrumb\":{\"@id\":\"https:\/\/blog-backend.znak.com.pl\/prasowka-ksiegarni-znak-20-04-2026\/#breadcrumb\"},\"inLanguage\":\"pl-PL\",\"potentialAction\":[{\"@type\":\"ReadAction\",\"target\":[\"https:\/\/blog-backend.znak.com.pl\/prasowka-ksiegarni-znak-20-04-2026\/\"]}]},{\"@type\":\"ImageObject\",\"inLanguage\":\"pl-PL\",\"@id\":\"https:\/\/blog-backend.znak.com.pl\/prasowka-ksiegarni-znak-20-04-2026\/#primaryimage\",\"url\":\"https:\/\/blog-backend.znak.com.pl\/wp-content\/uploads\/2026\/04\/Prasowka_2004.png\",\"contentUrl\":\"https:\/\/blog-backend.znak.com.pl\/wp-content\/uploads\/2026\/04\/Prasowka_2004.png\",\"width\":1200,\"height\":600,\"caption\":\"Obrazek przedstawia tekst \\\"Aktualno\u015bci ze \u015bwiata ksi\u0105\u017cki\\\" i dat\u0119 20.04.2026\"},{\"@type\":\"BreadcrumbList\",\"@id\":\"https:\/\/blog-backend.znak.com.pl\/prasowka-ksiegarni-znak-20-04-2026\/#breadcrumb\",\"itemListElement\":[{\"@type\":\"ListItem\",\"position\":1,\"name\":\"Strona g\u0142\u00f3wna\",\"item\":\"https:\/\/blog-backend.znak.com.pl\/\"},{\"@type\":\"ListItem\",\"position\":2,\"name\":\"Pras\u00f3wka Znaku #2: aktualno\u015bci ze \u015bwiata ksi\u0105\u017cki (20 kwietnia 2026)\"}]},{\"@type\":\"WebSite\",\"@id\":\"https:\/\/blog-backend.znak.com.pl\/#website\",\"url\":\"https:\/\/blog-backend.znak.com.pl\/\",\"name\":\"ZNAK Blog\",\"description\":\"\",\"publisher\":{\"@id\":\"https:\/\/blog-backend.znak.com.pl\/#organization\"},\"potentialAction\":[{\"@type\":\"SearchAction\",\"target\":{\"@type\":\"EntryPoint\",\"urlTemplate\":\"https:\/\/blog-backend.znak.com.pl\/?s={search_term_string}\"},\"query-input\":{\"@type\":\"PropertyValueSpecification\",\"valueRequired\":true,\"valueName\":\"search_term_string\"}}],\"inLanguage\":\"pl-PL\"},{\"@type\":\"Organization\",\"@id\":\"https:\/\/blog-backend.znak.com.pl\/#organization\",\"name\":\"ZNAK Blog\",\"url\":\"https:\/\/blog-backend.znak.com.pl\/\",\"logo\":{\"@type\":\"ImageObject\",\"inLanguage\":\"pl-PL\",\"@id\":\"https:\/\/blog-backend.znak.com.pl\/#\/schema\/logo\/image\/\",\"url\":\"https:\/\/www.znak.com.pl\/blog\/wp-content\/uploads\/2025\/10\/znak_logo_black-1.svg\",\"contentUrl\":\"https:\/\/www.znak.com.pl\/blog\/wp-content\/uploads\/2025\/10\/znak_logo_black-1.svg\",\"width\":1,\"height\":1,\"caption\":\"ZNAK Blog\"},\"image\":{\"@id\":\"https:\/\/blog-backend.znak.com.pl\/#\/schema\/logo\/image\/\"}},{\"@type\":\"Person\",\"@id\":\"https:\/\/blog-backend.znak.com.pl\/#\/schema\/person\/8c574907bbf42d44be35407ae8b1af73\",\"name\":\"Adrianna Kapelak\",\"image\":{\"@type\":\"ImageObject\",\"inLanguage\":\"pl-PL\",\"@id\":\"https:\/\/blog-backend.znak.com.pl\/#\/schema\/person\/image\/\",\"url\":\"https:\/\/secure.gravatar.com\/avatar\/7985877fa53ab6adfd2e2e5125e20f12d0443bcf5301a0e2cf192ddc7f1ac740?s=96&d=identicon&r=g\",\"contentUrl\":\"https:\/\/secure.gravatar.com\/avatar\/7985877fa53ab6adfd2e2e5125e20f12d0443bcf5301a0e2cf192ddc7f1ac740?s=96&d=identicon&r=g\",\"caption\":\"Adrianna Kapelak\"},\"url\":\"https:\/\/blog-backend.znak.com.pl\/author\/kapelakznak-com-pl\/\"}]}<\/script>\n<!-- \/ Yoast SEO plugin. -->","yoast_head_json":{"title":"Pras\u00f3wka Znaku: aktualno\u015bci ze \u015bwiata ksi\u0105\u017cki (20.04.2026)","description":"Oto najg\u0142o\u015bniejsze aktualno\u015bci ze \u015bwiata ksi\u0105\u017cki!","robots":{"index":"index","follow":"follow","max-snippet":"max-snippet:-1","max-image-preview":"max-image-preview:large","max-video-preview":"max-video-preview:-1"},"canonical":"https:\/\/www.znak.com.pl\/blog\/prasowka-ksiegarni-znak-20-04-2026\/","og_locale":"pl_PL","og_type":"article","og_title":"Pras\u00f3wka Znaku: aktualno\u015bci ze \u015bwiata ksi\u0105\u017cki (20.04.2026)","og_description":"Oto najg\u0142o\u015bniejsze aktualno\u015bci ze \u015bwiata ksi\u0105\u017cki!","og_url":"https:\/\/blog-backend.znak.com.pl\/prasowka-ksiegarni-znak-20-04-2026\/","og_site_name":"ZNAK Blog","article_published_time":"2026-04-20T12:02:17+00:00","article_modified_time":"2026-04-21T08:10:48+00:00","og_image":[{"width":1200,"height":600,"url":"https:\/\/blog-backend.znak.com.pl\/wp-content\/uploads\/2026\/04\/Prasowka_2004.png","type":"image\/png"}],"author":"Adrianna Kapelak","twitter_card":"summary_large_image","twitter_misc":{"Napisane przez":"Adrianna Kapelak","Szacowany czas czytania":"10 minut"},"schema":{"@context":"https:\/\/schema.org","@graph":[{"@type":"Article","@id":"https:\/\/blog-backend.znak.com.pl\/prasowka-ksiegarni-znak-20-04-2026\/#article","isPartOf":{"@id":"https:\/\/blog-backend.znak.com.pl\/prasowka-ksiegarni-znak-20-04-2026\/"},"author":{"name":"Adrianna Kapelak","@id":"https:\/\/blog-backend.znak.com.pl\/#\/schema\/person\/8c574907bbf42d44be35407ae8b1af73"},"headline":"Pras\u00f3wka Znaku #2: aktualno\u015bci ze \u015bwiata ksi\u0105\u017cki (20 kwietnia 2026)","datePublished":"2026-04-20T12:02:17+00:00","dateModified":"2026-04-21T08:10:48+00:00","mainEntityOfPage":{"@id":"https:\/\/blog-backend.znak.com.pl\/prasowka-ksiegarni-znak-20-04-2026\/"},"wordCount":1973,"commentCount":0,"publisher":{"@id":"https:\/\/blog-backend.znak.com.pl\/#organization"},"image":{"@id":"https:\/\/blog-backend.znak.com.pl\/prasowka-ksiegarni-znak-20-04-2026\/#primaryimage"},"thumbnailUrl":"https:\/\/blog-backend.znak.com.pl\/wp-content\/uploads\/2026\/04\/Prasowka_2004.png","keywords":["Pras\u00f3wka Znaku"],"articleSection":["Aktualno\u015bci","Nowo\u015bci"],"inLanguage":"pl-PL","potentialAction":[{"@type":"CommentAction","name":"Comment","target":["https:\/\/blog-backend.znak.com.pl\/prasowka-ksiegarni-znak-20-04-2026\/#respond"]}]},{"@type":"WebPage","@id":"https:\/\/blog-backend.znak.com.pl\/prasowka-ksiegarni-znak-20-04-2026\/","url":"https:\/\/blog-backend.znak.com.pl\/prasowka-ksiegarni-znak-20-04-2026\/","name":"Pras\u00f3wka Znaku: aktualno\u015bci ze \u015bwiata ksi\u0105\u017cki (20.04.2026)","isPartOf":{"@id":"https:\/\/blog-backend.znak.com.pl\/#website"},"primaryImageOfPage":{"@id":"https:\/\/blog-backend.znak.com.pl\/prasowka-ksiegarni-znak-20-04-2026\/#primaryimage"},"image":{"@id":"https:\/\/blog-backend.znak.com.pl\/prasowka-ksiegarni-znak-20-04-2026\/#primaryimage"},"thumbnailUrl":"https:\/\/blog-backend.znak.com.pl\/wp-content\/uploads\/2026\/04\/Prasowka_2004.png","datePublished":"2026-04-20T12:02:17+00:00","dateModified":"2026-04-21T08:10:48+00:00","description":"Oto najg\u0142o\u015bniejsze aktualno\u015bci ze \u015bwiata ksi\u0105\u017cki!","breadcrumb":{"@id":"https:\/\/blog-backend.znak.com.pl\/prasowka-ksiegarni-znak-20-04-2026\/#breadcrumb"},"inLanguage":"pl-PL","potentialAction":[{"@type":"ReadAction","target":["https:\/\/blog-backend.znak.com.pl\/prasowka-ksiegarni-znak-20-04-2026\/"]}]},{"@type":"ImageObject","inLanguage":"pl-PL","@id":"https:\/\/blog-backend.znak.com.pl\/prasowka-ksiegarni-znak-20-04-2026\/#primaryimage","url":"https:\/\/blog-backend.znak.com.pl\/wp-content\/uploads\/2026\/04\/Prasowka_2004.png","contentUrl":"https:\/\/blog-backend.znak.com.pl\/wp-content\/uploads\/2026\/04\/Prasowka_2004.png","width":1200,"height":600,"caption":"Obrazek przedstawia tekst \"Aktualno\u015bci ze \u015bwiata ksi\u0105\u017cki\" i dat\u0119 20.04.2026"},{"@type":"BreadcrumbList","@id":"https:\/\/blog-backend.znak.com.pl\/prasowka-ksiegarni-znak-20-04-2026\/#breadcrumb","itemListElement":[{"@type":"ListItem","position":1,"name":"Strona g\u0142\u00f3wna","item":"https:\/\/blog-backend.znak.com.pl\/"},{"@type":"ListItem","position":2,"name":"Pras\u00f3wka Znaku #2: aktualno\u015bci ze \u015bwiata ksi\u0105\u017cki (20 kwietnia 2026)"}]},{"@type":"WebSite","@id":"https:\/\/blog-backend.znak.com.pl\/#website","url":"https:\/\/blog-backend.znak.com.pl\/","name":"ZNAK Blog","description":"","publisher":{"@id":"https:\/\/blog-backend.znak.com.pl\/#organization"},"potentialAction":[{"@type":"SearchAction","target":{"@type":"EntryPoint","urlTemplate":"https:\/\/blog-backend.znak.com.pl\/?s={search_term_string}"},"query-input":{"@type":"PropertyValueSpecification","valueRequired":true,"valueName":"search_term_string"}}],"inLanguage":"pl-PL"},{"@type":"Organization","@id":"https:\/\/blog-backend.znak.com.pl\/#organization","name":"ZNAK Blog","url":"https:\/\/blog-backend.znak.com.pl\/","logo":{"@type":"ImageObject","inLanguage":"pl-PL","@id":"https:\/\/blog-backend.znak.com.pl\/#\/schema\/logo\/image\/","url":"https:\/\/www.znak.com.pl\/blog\/wp-content\/uploads\/2025\/10\/znak_logo_black-1.svg","contentUrl":"https:\/\/www.znak.com.pl\/blog\/wp-content\/uploads\/2025\/10\/znak_logo_black-1.svg","width":1,"height":1,"caption":"ZNAK Blog"},"image":{"@id":"https:\/\/blog-backend.znak.com.pl\/#\/schema\/logo\/image\/"}},{"@type":"Person","@id":"https:\/\/blog-backend.znak.com.pl\/#\/schema\/person\/8c574907bbf42d44be35407ae8b1af73","name":"Adrianna Kapelak","image":{"@type":"ImageObject","inLanguage":"pl-PL","@id":"https:\/\/blog-backend.znak.com.pl\/#\/schema\/person\/image\/","url":"https:\/\/secure.gravatar.com\/avatar\/7985877fa53ab6adfd2e2e5125e20f12d0443bcf5301a0e2cf192ddc7f1ac740?s=96&d=identicon&r=g","contentUrl":"https:\/\/secure.gravatar.com\/avatar\/7985877fa53ab6adfd2e2e5125e20f12d0443bcf5301a0e2cf192ddc7f1ac740?s=96&d=identicon&r=g","caption":"Adrianna Kapelak"},"url":"https:\/\/blog-backend.znak.com.pl\/author\/kapelakznak-com-pl\/"}]}},"_links":{"self":[{"href":"https:\/\/blog-backend.znak.com.pl\/wp-json\/wp\/v2\/posts\/620","targetHints":{"allow":["GET"]}}],"collection":[{"href":"https:\/\/blog-backend.znak.com.pl\/wp-json\/wp\/v2\/posts"}],"about":[{"href":"https:\/\/blog-backend.znak.com.pl\/wp-json\/wp\/v2\/types\/post"}],"author":[{"embeddable":true,"href":"https:\/\/blog-backend.znak.com.pl\/wp-json\/wp\/v2\/users\/6"}],"replies":[{"embeddable":true,"href":"https:\/\/blog-backend.znak.com.pl\/wp-json\/wp\/v2\/comments?post=620"}],"version-history":[{"count":8,"href":"https:\/\/blog-backend.znak.com.pl\/wp-json\/wp\/v2\/posts\/620\/revisions"}],"predecessor-version":[{"id":633,"href":"https:\/\/blog-backend.znak.com.pl\/wp-json\/wp\/v2\/posts\/620\/revisions\/633"}],"wp:featuredmedia":[{"embeddable":true,"href":"https:\/\/blog-backend.znak.com.pl\/wp-json\/wp\/v2\/media\/621"}],"wp:attachment":[{"href":"https:\/\/blog-backend.znak.com.pl\/wp-json\/wp\/v2\/media?parent=620"}],"wp:term":[{"taxonomy":"category","embeddable":true,"href":"https:\/\/blog-backend.znak.com.pl\/wp-json\/wp\/v2\/categories?post=620"},{"taxonomy":"post_tag","embeddable":true,"href":"https:\/\/blog-backend.znak.com.pl\/wp-json\/wp\/v2\/tags?post=620"}],"curies":[{"name":"wp","href":"https:\/\/api.w.org\/{rel}","templated":true}]}}