{"id":654,"date":"2026-04-22T16:48:30","date_gmt":"2026-04-22T14:48:30","guid":{"rendered":"https:\/\/blog-backend.znak.com.pl\/?p=654"},"modified":"2026-04-23T10:08:28","modified_gmt":"2026-04-23T08:08:28","slug":"swiatowy-dzien-ksiazki-2026-nowosci","status":"publish","type":"post","link":"https:\/\/blog-backend.znak.com.pl\/swiatowy-dzien-ksiazki-2026-nowosci\/","title":{"rendered":"\u015awiatowy\u00a0Dzie\u0144\u00a0Ksi\u0105\u017cki\u00a0i\u00a0Praw\u00a0Autorskich 2026: \u015bwi\u0119tuj z&nbsp;nowo\u015bciami!"},"content":{"rendered":"<div id=\"bsf_rt_marker\"><\/div>\n<p>W ko\u0144cu nadszed\u0142 <strong>nasz <\/strong>dzie\u0144: Mi\u0119dzynarodowy Dzie\u0144 Ksi\u0105\u017cki! To \u015bwi\u0119to, kt\u00f3re niekt\u00f3rzy lubi\u0105 obchodzi\u0107 z&nbsp;absolutnie ulubionymi tytu\u0142ami, a&nbsp;inni z&nbsp;kolei z&nbsp;czym\u015b bardziej klasycznym. My z&nbsp;tej okazji polecamy Ci co\u015b zupe\u0142nie innego: nowo\u015bci wydawnicze, o&nbsp;kt\u00f3rych teraz po prostu si\u0119 m\u00f3wi! Od\u015bwie\u017c swoj\u0105 biblioteczk\u0119, zdmuchnij kurz ze stosika na szafce nocnej i&nbsp;si\u0119gnij po co\u015b nowego, co spokojnie wci\u0105gnie Ci\u0119 na ca\u0142y wiecz\u00f3r. Przygotowali\u015bmy propozycje w&nbsp;r\u00f3\u017cnych gatunkach, wi\u0119c na pewno znajdziesz tu co\u015b dla siebie. Je\u015bli nie dzi\u015b \u2013&nbsp;to kiedy?<\/p>\n\n\n\n<div id=\"ez-toc-container\" class=\"ez-toc-v2_0_80 counter-hierarchy ez-toc-counter ez-toc-grey ez-toc-container-direction\">\n<div class=\"ez-toc-title-container\">\n<p class=\"ez-toc-title\" style=\"cursor:inherit\">Spis tre\u015bci<\/p>\n<span class=\"ez-toc-title-toggle\"><a href=\"#\" class=\"ez-toc-pull-right ez-toc-btn ez-toc-btn-xs ez-toc-btn-default ez-toc-toggle\" aria-label=\"Prze\u0142\u0105cznik Spisu Tre\u015bci\"><span class=\"ez-toc-js-icon-con\"><span class=\"\"><span class=\"eztoc-hide\" style=\"display:none;\">Toggle<\/span><span class=\"ez-toc-icon-toggle-span\"><svg style=\"fill: #999;color:#999\" xmlns=\"http:\/\/www.w3.org\/2000\/svg\" class=\"list-377408\" width=\"20px\" height=\"20px\" viewBox=\"0 0 24 24\" fill=\"none\"><path d=\"M6 6H4v2h2V6zm14 0H8v2h12V6zM4 11h2v2H4v-2zm16 0H8v2h12v-2zM4 16h2v2H4v-2zm16 0H8v2h12v-2z\" fill=\"currentColor\"><\/path><\/svg><svg style=\"fill: #999;color:#999\" class=\"arrow-unsorted-368013\" xmlns=\"http:\/\/www.w3.org\/2000\/svg\" width=\"10px\" height=\"10px\" viewBox=\"0 0 24 24\" version=\"1.2\" baseProfile=\"tiny\"><path d=\"M18.2 9.3l-6.2-6.3-6.2 6.3c-.2.2-.3.4-.3.7s.1.5.3.7c.2.2.4.3.7.3h11c.3 0 .5-.1.7-.3.2-.2.3-.5.3-.7s-.1-.5-.3-.7zM5.8 14.7l6.2 6.3 6.2-6.3c.2-.2.3-.5.3-.7s-.1-.5-.3-.7c-.2-.2-.4-.3-.7-.3h-11c-.3 0-.5.1-.7.3-.2.2-.3.5-.3.7s.1.5.3.7z\"\/><\/svg><\/span><\/span><\/span><\/a><\/span><\/div>\n<nav><ul class='ez-toc-list ez-toc-list-level-1 ' ><li class='ez-toc-page-1 ez-toc-heading-level-2'><a class=\"ez-toc-link ez-toc-heading-1\" href=\"https:\/\/blog-backend.znak.com.pl\/swiatowy-dzien-ksiazki-2026-nowosci\/#Miedzynarodowy_Dzien_Ksiazki_2026_kiedy_jest_to_swieto_i_skad_sie_wzielo\" >Mi\u0119dzynarodowy Dzie\u0144 Ksi\u0105\u017cki 2026: kiedy jest to \u015bwi\u0119to i&nbsp;sk\u0105d si\u0119 wzi\u0119\u0142o?<\/a><\/li><li class='ez-toc-page-1 ez-toc-heading-level-2'><a class=\"ez-toc-link ez-toc-heading-2\" href=\"https:\/\/blog-backend.znak.com.pl\/swiatowy-dzien-ksiazki-2026-nowosci\/#Jak_swietowac_Swiatowy_Dzien_Ksiazki_Wybor_najswiezszych_nowosci_od_naszej_redakcji\" >Jak \u015bwi\u0119towa\u0107 \u015awiatowy Dzie\u0144 Ksi\u0105\u017cki? Wyb\u00f3r naj\u015bwie\u017cszych nowo\u015bci od naszej redakcji<\/a><ul class='ez-toc-list-level-3' ><li class='ez-toc-heading-level-3'><a class=\"ez-toc-link ez-toc-heading-3\" href=\"https:\/\/blog-backend.znak.com.pl\/swiatowy-dzien-ksiazki-2026-nowosci\/#Kryminal_Diana_Brzezinska_%E2%80%9EAnonim%E2%80%9D\" >Krymina\u0142: Diana Brzezi\u0144ska, \u201eAnonim\u201d<\/a><\/li><li class='ez-toc-page-1 ez-toc-heading-level-3'><a class=\"ez-toc-link ez-toc-heading-4\" href=\"https:\/\/blog-backend.znak.com.pl\/swiatowy-dzien-ksiazki-2026-nowosci\/#Powiesc_obyczajowa_Liane_Moriarty_%E2%80%9EMoja_wina_twoja_wina%E2%80%9D\" >Powie\u015b\u0107 obyczajowa: Liane Moriarty, \u201eMoja wina, twoja wina\u201d<\/a><\/li><li class='ez-toc-page-1 ez-toc-heading-level-3'><a class=\"ez-toc-link ez-toc-heading-5\" href=\"https:\/\/blog-backend.znak.com.pl\/swiatowy-dzien-ksiazki-2026-nowosci\/#Reportaz_Karen_Hao_%E2%80%9EImperium_sztucznej_inteligencji_Sny_i_koszmary_w_OpenAI_Sama_Altmana%E2%80%9D\" >Reporta\u017c: Karen Hao, \u201eImperium sztucznej inteligencji. Sny i&nbsp;koszmary w&nbsp;OpenAI Sama Altmana\u201d<\/a><\/li><li class='ez-toc-page-1 ez-toc-heading-level-3'><a class=\"ez-toc-link ez-toc-heading-6\" href=\"https:\/\/blog-backend.znak.com.pl\/swiatowy-dzien-ksiazki-2026-nowosci\/#Romans_BK_Borison_%E2%80%9EMilosc_na_linii%E2%80%9D\" >Romans: B.K. Borison, \u201eMi\u0142o\u015b\u0107 na linii\u201d<\/a><\/li><li class='ez-toc-page-1 ez-toc-heading-level-3'><a class=\"ez-toc-link ez-toc-heading-7\" href=\"https:\/\/blog-backend.znak.com.pl\/swiatowy-dzien-ksiazki-2026-nowosci\/#Biografia_Stephen_Greenblatt_%E2%80%9EShakespeare_Stwarzanie_swiata%E2%80%9D\" >Biografia: Stephen Greenblatt, \u201eShakespeare. Stwarzanie \u015bwiata\u201d<\/a><\/li><li class='ez-toc-page-1 ez-toc-heading-level-3'><a class=\"ez-toc-link ez-toc-heading-8\" href=\"https:\/\/blog-backend.znak.com.pl\/swiatowy-dzien-ksiazki-2026-nowosci\/#Poradnik_Stina_Lonnkvist_%E2%80%9EAnaliza_kolorystyczna_Kurs_dla_tych_ktorzy_chca_odnalezc_swoj_styl%E2%80%9D\" >Poradnik: Stina L\u00f6nnkvist, \u201eAnaliza kolorystyczna. Kurs dla tych, kt\u00f3rzy chc\u0105 odnale\u017a\u0107 sw\u00f3j styl\u201d<\/a><\/li><li class='ez-toc-page-1 ez-toc-heading-level-3'><a class=\"ez-toc-link ez-toc-heading-9\" href=\"https:\/\/blog-backend.znak.com.pl\/swiatowy-dzien-ksiazki-2026-nowosci\/#Ksiazka_historyczna_Cat_Jarman_%E2%80%9EWladcy_rzek_Nowa_historia_wikingow%E2%80%9D\" >Ksi\u0105\u017cka historyczna: Cat Jarman, \u201eW\u0142adcy rzek. Nowa historia wiking\u00f3w\u201d<\/a><\/li><\/ul><\/li><li class='ez-toc-page-1 ez-toc-heading-level-2'><a class=\"ez-toc-link ez-toc-heading-10\" href=\"https:\/\/blog-backend.znak.com.pl\/swiatowy-dzien-ksiazki-2026-nowosci\/#Cos_ekstra_dla_moli_ksiazkowych_quiz_od_Ksiegarni_Znak\" >Co\u015b ekstra dla moli ksi\u0105\u017ckowych: quiz od Ksi\u0119garni Znak!<\/a><\/li><\/ul><\/nav><\/div>\n<h2 class=\"wp-block-heading\"><span class=\"ez-toc-section\" id=\"Miedzynarodowy_Dzien_Ksiazki_2026_kiedy_jest_to_swieto_i_skad_sie_wzielo\"><\/span>Mi\u0119dzynarodowy Dzie\u0144 Ksi\u0105\u017cki 2026: kiedy jest to \u015bwi\u0119to i&nbsp;sk\u0105d si\u0119 wzi\u0119\u0142o?<span class=\"ez-toc-section-end\"><\/span><\/h2>\n\n\n\n<p><strong>\u015awiatowy Dzie\u0144 Ksi\u0105\u017cki i&nbsp;Praw Autorskich<\/strong> (zwany tak\u017ce <strong>Mi\u0119dzynarodowym Dniem Ksi\u0105\u017cki<\/strong>) obchodzimy w&nbsp;2026 roku <strong>23 kwietnia<\/strong>. Dlaczego akurat ten dzie\u0144? Upami\u0119tnia on rocznice zwi\u0105zane z&nbsp;postaciami, kt\u00f3re wywar\u0142y gigantyczny wp\u0142yw na histori\u0119 literatury. Jakie to nazwiska? Bardzo znacz\u0105ce dla dziej\u00f3w ksi\u0105\u017cki, bo cho\u0107by William Shakespeare, Miguel de Cervantes, Vladimir Nabokov czy Maurice Druon. Koncepcja \u015bwi\u0119ta zrodzi\u0142a si\u0119 w&nbsp;Katalonii, by uczci\u0107 urodziny Cervantesa \u2013&nbsp;ich data jednak by\u0142a wy\u0142\u0105cznie domniemana, w&nbsp;przeciwie\u0144stwie do daty \u015bmierci, zdecydowanie bardziej pewnej. Dodatkowo dla Katalo\u0144czyk\u00f3w 23 kwietnia jest te\u017c \u015bwi\u0119tem narodowym \u2013&nbsp;dniem \u015bw. Jerzego (cho\u0107 sami uwa\u017camy, \u017ce taki powinien by\u0107 r\u00f3wnie\u017c status \u015awiatowego Dnia Ksi\u0105\u017cki!). To sprawia, \u017ce ca\u0142o\u015b\u0107 tworzy \u015bwietn\u0105 okazj\u0119 do obdarowywania si\u0119 ksi\u0105\u017ckami!<\/p>\n\n\n\n<h2 class=\"wp-block-heading\"><span class=\"ez-toc-section\" id=\"Jak_swietowac_Swiatowy_Dzien_Ksiazki_Wybor_najswiezszych_nowosci_od_naszej_redakcji\"><\/span>Jak \u015bwi\u0119towa\u0107 \u015awiatowy Dzie\u0144 Ksi\u0105\u017cki? Wyb\u00f3r naj\u015bwie\u017cszych nowo\u015bci od naszej redakcji<span class=\"ez-toc-section-end\"><\/span><\/h2>\n\n\n\n<p>W tym roku si\u0119gnij po gor\u0105ce nowo\u015bci! Specjalnie dla Ciebie zajrzeli\u015bmy na listy bestseller\u00f3w, by wybra\u0107 z&nbsp;nich najlepsze propozycje na tak wa\u017cny dzie\u0144. Tu znajdziesz co\u015b dla ka\u017cdego bez konieczno\u015bci przeczesywania \u201etopek\u201d i&nbsp;zastanawiania si\u0119, co b\u0119dzie lepsze na t\u0119 okazj\u0119. Do tego zorientowali\u015bmy si\u0119 w&nbsp;najgor\u0119tszych nowo\u015bciach w&nbsp;r\u00f3\u017cnych gatunkach, wi\u0119c Twoja lista \u015bwie\u017cych lektur ju\u017c jest gotowa! Nie musisz szuka\u0107 ich daleko: ka\u017cd\u0105 kupisz w&nbsp;<strong>Ksi\u0119garni Znak<\/strong>.<\/p>\n\n\n\n<h3 class=\"wp-block-heading\"><span class=\"ez-toc-section\" id=\"Kryminal_Diana_Brzezinska_%E2%80%9EAnonim%E2%80%9D\"><\/span>Krymina\u0142: Diana Brzezi\u0144ska, \u201eAnonim\u201d<span class=\"ez-toc-section-end\"><\/span><\/h3>\n\n\n\n<p>Kolejna <strong>ekstremalnie wci\u0105gaj\u0105ca powie\u015b\u0107 <\/strong>od tej <a href=\"https:\/\/www.znak.com.pl\/autorzy\/autor-4142\">autorki<\/a>! R\u00f3\u017cni si\u0119 jednak nieco od pozosta\u0142ych jej ksi\u0105\u017cek. Przede wszystkim historia zamkn\u0119\u0142a si\u0119 tutaj w&nbsp;jednym tomie \u2013&nbsp;wi\u0119c masz pewno\u015b\u0107, \u017ce nie sko\u0144czy si\u0119 cliffhangerem, po kt\u00f3rym b\u0119dzie trzeba czeka\u0107 miesi\u0105cami na ci\u0105g dalszy. Do tego ksi\u0105\u017cka jest <strong>zainspirowana prawdziwymi wydarzeniami<\/strong>, wi\u0119c mo\u017ce zainteresowa\u0107 wielbicieli szeroko poj\u0119tego true crime, tak popularnego w&nbsp;ostatnich czasach. Brzezi\u0144ska umiej\u0119tnie po\u0142\u0105czy\u0142a w\u0105tki prawnicze z&nbsp;mro\u017c\u0105cym krew w&nbsp;\u017cy\u0142ach krymina\u0142em i&nbsp;thrillerem. Z&nbsp;t\u0105 ksi\u0105\u017ck\u0105 mo\u017cna prze\u017cy\u0107 wiecz\u00f3r pe\u0142en emocji!<\/p>\n\n\n\n<h3 class=\"wp-block-heading\"><span class=\"ez-toc-section\" id=\"Powiesc_obyczajowa_Liane_Moriarty_%E2%80%9EMoja_wina_twoja_wina%E2%80%9D\"><\/span>Powie\u015b\u0107 obyczajowa: Liane Moriarty, \u201eMoja wina, twoja wina\u201d<span class=\"ez-toc-section-end\"><\/span><\/h3>\n\n\n\n<p>Ksi\u0105\u017cka od absolutnej <strong>mistrzyni powie\u015bci obyczajowej<\/strong>, kt\u00f3rej daleko od bana\u0142u. O&nbsp;takich tytu\u0142ach chce si\u0119 rozmawia\u0107 d\u0142ugo po lekturze! \u201eMoja wina, Twoja wina\u201d to mistrzowskie studium relacji, w&nbsp;kt\u00f3rym niewinne spotkanie zamienia si\u0119 w&nbsp;pocz\u0105tek ko\u0144ca pozornej sielanki. To lektura obowi\u0105zkowa dla wszystkich, kt\u00f3rzy pokochali serialowe \u201e<a href=\"https:\/\/www.znak.com.pl\/p\/wielkie-klamstewka-liane-moriarty-193769\">Wielkie k\u0142amstewka<\/a>\u201d z&nbsp;<strong>Nicole Kidman <\/strong>i <strong>Reese Witherspoon <\/strong>\u2013&nbsp;<a href=\"https:\/\/www.znak.com.pl\/autorzy\/liane-moriarty-7918\">Moriarty<\/a> ponownie serwuje nam g\u0119st\u0105 atmosfer\u0119, w&nbsp;kt\u00f3rej pod warstw\u0105 uprzejmo\u015bci buzuj\u0105 tajemnice i&nbsp;t\u0142umione \u017cale. Autorka z&nbsp;chirurgiczn\u0105 precyzj\u0105 pokazuje, jak jeden b\u0142\u0105d mo\u017ce uruchomi\u0107 lawin\u0119 konsekwencji, od kt\u00f3rej nie ma ucieczki.<\/p>\n\n\n\n<h3 class=\"wp-block-heading\"><span class=\"ez-toc-section\" id=\"Reportaz_Karen_Hao_%E2%80%9EImperium_sztucznej_inteligencji_Sny_i_koszmary_w_OpenAI_Sama_Altmana%E2%80%9D\"><\/span>Reporta\u017c: Karen Hao, \u201eImperium sztucznej inteligencji. Sny i&nbsp;koszmary w&nbsp;OpenAI Sama Altmana\u201d<span class=\"ez-toc-section-end\"><\/span><\/h3>\n\n\n\n<p>Przysz\u0142o\u015b\u0107 to dzi\u015b \u2013&nbsp;a&nbsp;na co dzie\u0144 najdobitniej widzimy to, obserwuj\u0105c <strong>rozw\u00f3j sztucznej inteligencji<\/strong>. Towarzyszy nam na ka\u017cdym kroku: generuje dla nas obrazki, kt\u00f3re p\u00f3\u017aniej wysy\u0142amy mamie przez WhatsAppa, tworzy plany \u017cywieniowe, wys\u0142uchuje naszych rozterek emocjonalnych. To fasada \u2013&nbsp;ale jak wygl\u0105daj\u0105 kulisy? <a href=\"https:\/\/www.znak.com.pl\/autorzy\/autor-170778\">Karen Hao<\/a> ods\u0142ania je i&nbsp;robi to bezlito\u015bnie. <strong>Ciemn\u0105 stron\u0119 ChataGPT <\/strong>od lat ukazuje na tyle skutecznie, \u017ce <strong>Sam Altman <\/strong>zabroni\u0142 jej kontaktowa\u0107 si\u0119 z&nbsp;pracownikami <strong>OpenAI<\/strong>. Mia\u0142o by\u0107 transparentnie i&nbsp;etycznie, jest przera\u017caj\u0105co, a&nbsp;jak b\u0119dzie w&nbsp;przysz\u0142o\u015bci? O&nbsp;tym w\u0142a\u015bnie pisze Hao.<\/p>\n\n\n\n<h3 class=\"wp-block-heading\"><span class=\"ez-toc-section\" id=\"Romans_BK_Borison_%E2%80%9EMilosc_na_linii%E2%80%9D\"><\/span>Romans: B.K. Borison, \u201eMi\u0142o\u015b\u0107 na linii\u201d<span class=\"ez-toc-section-end\"><\/span><\/h3>\n\n\n\n<p>To strefa wolna od bookshamingu, wi\u0119c je\u015bli masz ochot\u0119 na moment totalnego zapomnienia i&nbsp;zwyczajnej frajdy z&nbsp;czytania \u2013&nbsp;mo\u017cesz czu\u0107 si\u0119 bezpiecznie. \u201eMi\u0142o\u015b\u0107 na linii\u201d zosta\u0142a napisana jako historia inspirowana \u201e<strong>Bezsenno\u015bci\u0105 w&nbsp;Seattle<\/strong>\u201d z&nbsp;<strong>Meg Ryan <\/strong>i <strong>Tomem Hanksem<\/strong>, czyli jest idealn\u0105 propozycj\u0105 dla wielbicieli klasycznych komedii romantycznych z&nbsp;lat 90. \u015awietna ksi\u0105\u017cka dla tych, kt\u00f3rzy od lektury oczekuj\u0105 czystej rozrywki i&nbsp;gor\u0105cych uczu\u0107. To tytu\u0142 w&nbsp;sam raz na wolne popo\u0142udnie sp\u0119dzone na le\u017caku!<\/p>\n\n\n\n<h3 class=\"wp-block-heading\"><span class=\"ez-toc-section\" id=\"Biografia_Stephen_Greenblatt_%E2%80%9EShakespeare_Stwarzanie_swiata%E2%80%9D\"><\/span>Biografia: Stephen Greenblatt, \u201eShakespeare. Stwarzanie \u015bwiata\u201d<span class=\"ez-toc-section-end\"><\/span><\/h3>\n\n\n\n<p>Czy mo\u017cna \u015bwi\u0119towa\u0107 Mi\u0119dzynarodowy Dzie\u0144 Ksi\u0105\u017cki lepiej ni\u017c z&nbsp;samym <strong><a href=\"https:\/\/www.znak.com.pl\/autorzy\/autor-12427\">Shakespeare\u2019em<\/a><\/strong>? W\u0105tpliwe \u2013&nbsp;to przecie\u017c r\u00f3wnie\u017c jego \u015bwi\u0119to. Dlatego \u015bwietnie si\u0119 sk\u0142ada, \u017ce na rynku ukaza\u0142a si\u0119 w\u0142a\u015bnie <strong>wnikliwa biografia geniusza <\/strong>ze Stratfordu. I&nbsp;to nie byle jaka, bo napisana przez autora nagradzanego m.in. Nagrod\u0105 Pulitzera! <a href=\"https:\/\/www.znak.com.pl\/autorzy\/autor-82678\">Greenblatt<\/a> przedstawia Shakespeare\u2019a w&nbsp;\u015bwietle, w&nbsp;jakim go do tej pory nie ogl\u0105dali\u015bmy, a&nbsp;t\u0119 biografi\u0119 czyta si\u0119 jak doskona\u0142\u0105 powie\u015b\u0107. To lektura obowi\u0105zkowa, szczeg\u00f3lnie je\u015bli podoba\u0142 si\u0119 Wam \u201e<strong><a href=\"https:\/\/www.znak.com.pl\/blog\/oscary-2026-nominacje-adaptacji\/\">Hamnet<\/a><\/strong>\u201d z&nbsp;<strong>Paulem Mescalem <\/strong>i <strong>Jessie Buckley<\/strong>!<\/p>\n\n\n\n<h3 class=\"wp-block-heading\"><span class=\"ez-toc-section\" id=\"Poradnik_Stina_Lonnkvist_%E2%80%9EAnaliza_kolorystyczna_Kurs_dla_tych_ktorzy_chca_odnalezc_swoj_styl%E2%80%9D\"><\/span>Poradnik: Stina L\u00f6nnkvist, \u201eAnaliza kolorystyczna. Kurs dla tych, kt\u00f3rzy chc\u0105 odnale\u017a\u0107 sw\u00f3j styl\u201d<span class=\"ez-toc-section-end\"><\/span><\/h3>\n\n\n\n<p>Wiosna sprzyja porz\u0105dkom w&nbsp;szafie, a&nbsp;<strong>\u015awiatowy Dzie\u0144 Ksi\u0105\u017cki <\/strong>sprzyja temu, by si\u0119gn\u0105\u0107 po idealnie pomagaj\u0105c\u0105 w&nbsp;tym celu pozycj\u0119! Na p\u00f3\u0142ki ksi\u0119gar\u0144 wjecha\u0142 w\u0142a\u015bnie <strong>poradnik, jakiego jeszcze nie by\u0142o<\/strong>. Dzi\u0119ki niemu stworzysz swoj\u0105 w\u0142asn\u0105 ponadczasow\u0105 garderob\u0119, perfekcyjnie dopasowan\u0105 do Twojej urody. To nie tylko przydatna, praktyczna ksi\u0105\u017cka, ale te\u017c skarbnica wiedzy i&nbsp;pomys\u0142 na naprawd\u0119 \u015bwietn\u0105 zabaw\u0119. Zawarte w&nbsp;tym pi\u0119knie wydanym tomie informacje s\u0105 wr\u0119cz stworzone do tego, by podawa\u0107 je dalej i&nbsp;szerzy\u0107 \u015bwiadome noszenie kolor\u00f3w zgodnych z&nbsp;naszym unikalnym typem. To ksi\u0105\u017cka idealna nie tylko dla tych, kt\u00f3rzy lubi\u0105 eksperymentowa\u0107 z&nbsp;wizerunkiem, ale te\u017c dla tych, kt\u00f3rzy nie mieli na to wcze\u015bniej odwagi!<\/p>\n\n\n\n<h3 class=\"wp-block-heading\"><span class=\"ez-toc-section\" id=\"Ksiazka_historyczna_Cat_Jarman_%E2%80%9EWladcy_rzek_Nowa_historia_wikingow%E2%80%9D\"><\/span>Ksi\u0105\u017cka historyczna: Cat Jarman, \u201eW\u0142adcy rzek. Nowa historia wiking\u00f3w\u201d<span class=\"ez-toc-section-end\"><\/span><\/h3>\n\n\n\n<p>Zapomnijcie o&nbsp;stereotypowym obrazie wiking\u00f3w jako wy\u0142\u0105cznie brutalnych naje\u017ad\u017ac\u00f3w w&nbsp;rogatych he\u0142mach. <a href=\"https:\/\/www.znak.com.pl\/autorzy\/autor-168885\">Cat Jarman<\/a>, korzystaj\u0105c z&nbsp;najnowocze\u015bniejszych bada\u0144, zabiera nas w&nbsp;<strong>fascynuj\u0105c\u0105 podr\u00f3\u017c <\/strong>na Wsch\u00f3d \u2013&nbsp;bo ma\u0142o kto wie, dok\u0105d potrafi\u0142y zaprowadzi\u0107 morskich wojownik\u00f3w ich \u015bcie\u017cki! To lektura obowi\u0105zkowa dla fan\u00f3w seriali \u201e<strong>Wikingowie<\/strong>\u201d czy \u201e<strong>Upadek kr\u00f3lestwa<\/strong>\u201d, kt\u00f3rzy chc\u0105 sprawdzi\u0107, jak filmowa fikcja ma si\u0119 do naukowych fakt\u00f3w, do tego ca\u0142kiem z&nbsp;naszej perspektywy nieoczywistych. \u201eW\u0142adc\u00f3w rzek\u201d czyta si\u0119 jak najlepszy reporta\u017c \u015bledczy, kt\u00f3ry rzuca zupe\u0142nie nowe \u015bwiat\u0142o na to, jak bardzo skomplikowany by\u0142 \u015bwiat naszych przodk\u00f3w. I&nbsp;pokazuje, \u017ce wygl\u0105da\u0142 nieco inaczej, ni\u017c sobie wyobra\u017camy!<\/p>\n\n\n\n<h2 class=\"wp-block-heading\"><span class=\"ez-toc-section\" id=\"Cos_ekstra_dla_moli_ksiazkowych_quiz_od_Ksiegarni_Znak\"><\/span>Co\u015b ekstra dla moli ksi\u0105\u017ckowych: quiz od Ksi\u0119garni Znak!<span class=\"ez-toc-section-end\"><\/span><\/h2>\n\n\n\n<p>Wiemy, \u017ce lista lektur \u201edo przeczytania\u201d nigdy si\u0119 nie ko\u0144czy, ale 23 kwietnia to najlepsza okazja, \u017ceby doda\u0107 do niej co\u015b wyj\u0105tkowego. Ka\u017cd\u0105 z&nbsp;nich znajdziesz na stronie Ksi\u0119garni Znak, do tego w&nbsp;wyj\u0105tkowej cenie specjalnie z&nbsp;okazji \u015bwi\u0119ta wielbicieli ksi\u0105\u017cek, ale to nie wszystko! Ksi\u0119garnia przygotowa\u0142a r\u00f3wnie\u017c na ten specjalny dzie\u0144 <strong>literacki quiz<\/strong>! Sprawd\u017a wi\u0119c swoj\u0105 wiedz\u0119 na temat literatury (w r\u00f3\u017cnych jej odcieniach i&nbsp;gatunkach) <strong><a href=\"https:\/\/www.znak.com.pl\/s\/quiz?utm_source=LP&amp;utm_medium=organic&amp;utm_campaign=EC_KZ_D_Quiz_20260416&amp;utm_content=quiz_lp\">TUTAJ<\/a><\/strong>. \u017byczymy powodzenia!<\/p>\n","protected":false},"excerpt":{"rendered":"<p>W ko\u0144cu nadszed\u0142 nasz dzie\u0144: Mi\u0119dzynarodowy Dzie\u0144 Ksi\u0105\u017cki! Z tej okazji przygotowali\u015bmy dla Ciebie propozycje ksi\u0105\u017cek idealnych na to \u015bwi\u0119to.<\/p>\n","protected":false},"author":6,"featured_media":655,"comment_status":"open","ping_status":"open","sticky":false,"template":"","format":"standard","meta":{"_acf_changed":false,"footnotes":""},"categories":[21,1,15],"tags":[],"class_list":["post-654","post","type-post","status-publish","format-standard","has-post-thumbnail","hentry","category-aktualnosci","category-nowosci","category-rankingi"],"acf":[],"yoast_head":"<!-- This site is optimized with the Yoast SEO plugin v26.0 - https:\/\/yoast.com\/wordpress\/plugins\/seo\/ -->\n<title>\u015awiatowy Dzie\u0144 Ksi\u0105\u017cki i Praw Autorskich 2026: \u015bwi\u0119tuj z nami!<\/title>\n<meta name=\"description\" content=\"W ko\u0144cu nadszed\u0142 nasz dzie\u0144: Mi\u0119dzynarodowy Dzie\u0144 Ksi\u0105\u017cki! Z tej okazji przygotowali\u015bmy dla Ciebie propozycje ksi\u0105\u017cek idealnych na to \u015bwi\u0119to.\" \/>\n<meta name=\"robots\" content=\"index, follow, max-snippet:-1, max-image-preview:large, max-video-preview:-1\" \/>\n<link rel=\"canonical\" href=\"https:\/\/www.znak.com.pl\/blog\/swiatowy-dzien-ksiazki-2026-nowosci\/\" \/>\n<meta property=\"og:locale\" content=\"pl_PL\" \/>\n<meta property=\"og:type\" content=\"article\" \/>\n<meta property=\"og:title\" content=\"\u015awiatowy Dzie\u0144 Ksi\u0105\u017cki i Praw Autorskich 2026: \u015bwi\u0119tuj z nami!\" \/>\n<meta property=\"og:description\" content=\"W ko\u0144cu nadszed\u0142 nasz dzie\u0144: Mi\u0119dzynarodowy Dzie\u0144 Ksi\u0105\u017cki! Z tej okazji przygotowali\u015bmy dla Ciebie propozycje ksi\u0105\u017cek idealnych na to \u015bwi\u0119to.\" \/>\n<meta property=\"og:url\" content=\"https:\/\/blog-backend.znak.com.pl\/swiatowy-dzien-ksiazki-2026-nowosci\/\" \/>\n<meta property=\"og:site_name\" content=\"ZNAK Blog\" \/>\n<meta property=\"article:published_time\" content=\"2026-04-22T14:48:30+00:00\" \/>\n<meta property=\"article:modified_time\" content=\"2026-04-23T08:08:28+00:00\" \/>\n<meta property=\"og:image\" content=\"https:\/\/blog-backend.znak.com.pl\/wp-content\/uploads\/2026\/04\/MDK_2.png\" \/>\n\t<meta property=\"og:image:width\" content=\"1200\" \/>\n\t<meta property=\"og:image:height\" content=\"600\" \/>\n\t<meta property=\"og:image:type\" content=\"image\/png\" \/>\n<meta name=\"author\" content=\"Adrianna Kapelak\" \/>\n<meta name=\"twitter:card\" content=\"summary_large_image\" \/>\n<meta name=\"twitter:label1\" content=\"Napisane przez\" \/>\n\t<meta name=\"twitter:data1\" content=\"Adrianna Kapelak\" \/>\n\t<meta name=\"twitter:label2\" content=\"Szacowany czas czytania\" \/>\n\t<meta name=\"twitter:data2\" content=\"7 minut\" \/>\n<script type=\"application\/ld+json\" class=\"yoast-schema-graph\">{\"@context\":\"https:\/\/schema.org\",\"@graph\":[{\"@type\":\"Article\",\"@id\":\"https:\/\/blog-backend.znak.com.pl\/swiatowy-dzien-ksiazki-2026-nowosci\/#article\",\"isPartOf\":{\"@id\":\"https:\/\/blog-backend.znak.com.pl\/swiatowy-dzien-ksiazki-2026-nowosci\/\"},\"author\":{\"name\":\"Adrianna Kapelak\",\"@id\":\"https:\/\/blog-backend.znak.com.pl\/#\/schema\/person\/8c574907bbf42d44be35407ae8b1af73\"},\"headline\":\"\u015awiatowy\u00a0Dzie\u0144\u00a0Ksi\u0105\u017cki\u00a0i\u00a0Praw\u00a0Autorskich 2026: \u015bwi\u0119tuj z&nbsp;nowo\u015bciami!\",\"datePublished\":\"2026-04-22T14:48:30+00:00\",\"dateModified\":\"2026-04-23T08:08:28+00:00\",\"mainEntityOfPage\":{\"@id\":\"https:\/\/blog-backend.znak.com.pl\/swiatowy-dzien-ksiazki-2026-nowosci\/\"},\"wordCount\":1290,\"commentCount\":0,\"publisher\":{\"@id\":\"https:\/\/blog-backend.znak.com.pl\/#organization\"},\"image\":{\"@id\":\"https:\/\/blog-backend.znak.com.pl\/swiatowy-dzien-ksiazki-2026-nowosci\/#primaryimage\"},\"thumbnailUrl\":\"https:\/\/blog-backend.znak.com.pl\/wp-content\/uploads\/2026\/04\/MDK_2.png\",\"articleSection\":[\"Aktualno\u015bci\",\"Nowo\u015bci\",\"Rankingi\"],\"inLanguage\":\"pl-PL\",\"potentialAction\":[{\"@type\":\"CommentAction\",\"name\":\"Comment\",\"target\":[\"https:\/\/blog-backend.znak.com.pl\/swiatowy-dzien-ksiazki-2026-nowosci\/#respond\"]}]},{\"@type\":\"WebPage\",\"@id\":\"https:\/\/blog-backend.znak.com.pl\/swiatowy-dzien-ksiazki-2026-nowosci\/\",\"url\":\"https:\/\/blog-backend.znak.com.pl\/swiatowy-dzien-ksiazki-2026-nowosci\/\",\"name\":\"\u015awiatowy Dzie\u0144 Ksi\u0105\u017cki i Praw Autorskich 2026: \u015bwi\u0119tuj z nami!\",\"isPartOf\":{\"@id\":\"https:\/\/blog-backend.znak.com.pl\/#website\"},\"primaryImageOfPage\":{\"@id\":\"https:\/\/blog-backend.znak.com.pl\/swiatowy-dzien-ksiazki-2026-nowosci\/#primaryimage\"},\"image\":{\"@id\":\"https:\/\/blog-backend.znak.com.pl\/swiatowy-dzien-ksiazki-2026-nowosci\/#primaryimage\"},\"thumbnailUrl\":\"https:\/\/blog-backend.znak.com.pl\/wp-content\/uploads\/2026\/04\/MDK_2.png\",\"datePublished\":\"2026-04-22T14:48:30+00:00\",\"dateModified\":\"2026-04-23T08:08:28+00:00\",\"description\":\"W ko\u0144cu nadszed\u0142 nasz dzie\u0144: Mi\u0119dzynarodowy Dzie\u0144 Ksi\u0105\u017cki! Z tej okazji przygotowali\u015bmy dla Ciebie propozycje ksi\u0105\u017cek idealnych na to \u015bwi\u0119to.\",\"breadcrumb\":{\"@id\":\"https:\/\/blog-backend.znak.com.pl\/swiatowy-dzien-ksiazki-2026-nowosci\/#breadcrumb\"},\"inLanguage\":\"pl-PL\",\"potentialAction\":[{\"@type\":\"ReadAction\",\"target\":[\"https:\/\/blog-backend.znak.com.pl\/swiatowy-dzien-ksiazki-2026-nowosci\/\"]}]},{\"@type\":\"ImageObject\",\"inLanguage\":\"pl-PL\",\"@id\":\"https:\/\/blog-backend.znak.com.pl\/swiatowy-dzien-ksiazki-2026-nowosci\/#primaryimage\",\"url\":\"https:\/\/blog-backend.znak.com.pl\/wp-content\/uploads\/2026\/04\/MDK_2.png\",\"contentUrl\":\"https:\/\/blog-backend.znak.com.pl\/wp-content\/uploads\/2026\/04\/MDK_2.png\",\"width\":1200,\"height\":600,\"caption\":\"Tekst: \u015awiatowy Dzie\u0144 Ksi\u0105\u017cki i Praw Autorskich. \u015awi\u0119tuj z nowo\u015bciami! Obok wizerunek kobiety trzymaj\u0105cej stos ksi\u0105\u017cek i u\u015bmiechaj\u0105cej si\u0119 szeroko.\"},{\"@type\":\"BreadcrumbList\",\"@id\":\"https:\/\/blog-backend.znak.com.pl\/swiatowy-dzien-ksiazki-2026-nowosci\/#breadcrumb\",\"itemListElement\":[{\"@type\":\"ListItem\",\"position\":1,\"name\":\"Strona g\u0142\u00f3wna\",\"item\":\"https:\/\/blog-backend.znak.com.pl\/\"},{\"@type\":\"ListItem\",\"position\":2,\"name\":\"\u015awiatowy\u00a0Dzie\u0144\u00a0Ksi\u0105\u017cki\u00a0i\u00a0Praw\u00a0Autorskich 2026: \u015bwi\u0119tuj z nowo\u015bciami!\"}]},{\"@type\":\"WebSite\",\"@id\":\"https:\/\/blog-backend.znak.com.pl\/#website\",\"url\":\"https:\/\/blog-backend.znak.com.pl\/\",\"name\":\"ZNAK Blog\",\"description\":\"\",\"publisher\":{\"@id\":\"https:\/\/blog-backend.znak.com.pl\/#organization\"},\"potentialAction\":[{\"@type\":\"SearchAction\",\"target\":{\"@type\":\"EntryPoint\",\"urlTemplate\":\"https:\/\/blog-backend.znak.com.pl\/?s={search_term_string}\"},\"query-input\":{\"@type\":\"PropertyValueSpecification\",\"valueRequired\":true,\"valueName\":\"search_term_string\"}}],\"inLanguage\":\"pl-PL\"},{\"@type\":\"Organization\",\"@id\":\"https:\/\/blog-backend.znak.com.pl\/#organization\",\"name\":\"ZNAK Blog\",\"url\":\"https:\/\/blog-backend.znak.com.pl\/\",\"logo\":{\"@type\":\"ImageObject\",\"inLanguage\":\"pl-PL\",\"@id\":\"https:\/\/blog-backend.znak.com.pl\/#\/schema\/logo\/image\/\",\"url\":\"https:\/\/www.znak.com.pl\/blog\/wp-content\/uploads\/2025\/10\/znak_logo_black-1.svg\",\"contentUrl\":\"https:\/\/www.znak.com.pl\/blog\/wp-content\/uploads\/2025\/10\/znak_logo_black-1.svg\",\"width\":1,\"height\":1,\"caption\":\"ZNAK Blog\"},\"image\":{\"@id\":\"https:\/\/blog-backend.znak.com.pl\/#\/schema\/logo\/image\/\"}},{\"@type\":\"Person\",\"@id\":\"https:\/\/blog-backend.znak.com.pl\/#\/schema\/person\/8c574907bbf42d44be35407ae8b1af73\",\"name\":\"Adrianna Kapelak\",\"image\":{\"@type\":\"ImageObject\",\"inLanguage\":\"pl-PL\",\"@id\":\"https:\/\/blog-backend.znak.com.pl\/#\/schema\/person\/image\/\",\"url\":\"https:\/\/secure.gravatar.com\/avatar\/7985877fa53ab6adfd2e2e5125e20f12d0443bcf5301a0e2cf192ddc7f1ac740?s=96&d=identicon&r=g\",\"contentUrl\":\"https:\/\/secure.gravatar.com\/avatar\/7985877fa53ab6adfd2e2e5125e20f12d0443bcf5301a0e2cf192ddc7f1ac740?s=96&d=identicon&r=g\",\"caption\":\"Adrianna Kapelak\"},\"url\":\"https:\/\/blog-backend.znak.com.pl\/author\/kapelakznak-com-pl\/\"}]}<\/script>\n<!-- \/ Yoast SEO plugin. -->","yoast_head_json":{"title":"\u015awiatowy Dzie\u0144 Ksi\u0105\u017cki i Praw Autorskich 2026: \u015bwi\u0119tuj z nami!","description":"W ko\u0144cu nadszed\u0142 nasz dzie\u0144: Mi\u0119dzynarodowy Dzie\u0144 Ksi\u0105\u017cki! Z tej okazji przygotowali\u015bmy dla Ciebie propozycje ksi\u0105\u017cek idealnych na to \u015bwi\u0119to.","robots":{"index":"index","follow":"follow","max-snippet":"max-snippet:-1","max-image-preview":"max-image-preview:large","max-video-preview":"max-video-preview:-1"},"canonical":"https:\/\/www.znak.com.pl\/blog\/swiatowy-dzien-ksiazki-2026-nowosci\/","og_locale":"pl_PL","og_type":"article","og_title":"\u015awiatowy Dzie\u0144 Ksi\u0105\u017cki i Praw Autorskich 2026: \u015bwi\u0119tuj z nami!","og_description":"W ko\u0144cu nadszed\u0142 nasz dzie\u0144: Mi\u0119dzynarodowy Dzie\u0144 Ksi\u0105\u017cki! Z tej okazji przygotowali\u015bmy dla Ciebie propozycje ksi\u0105\u017cek idealnych na to \u015bwi\u0119to.","og_url":"https:\/\/blog-backend.znak.com.pl\/swiatowy-dzien-ksiazki-2026-nowosci\/","og_site_name":"ZNAK Blog","article_published_time":"2026-04-22T14:48:30+00:00","article_modified_time":"2026-04-23T08:08:28+00:00","og_image":[{"width":1200,"height":600,"url":"https:\/\/blog-backend.znak.com.pl\/wp-content\/uploads\/2026\/04\/MDK_2.png","type":"image\/png"}],"author":"Adrianna Kapelak","twitter_card":"summary_large_image","twitter_misc":{"Napisane przez":"Adrianna Kapelak","Szacowany czas czytania":"7 minut"},"schema":{"@context":"https:\/\/schema.org","@graph":[{"@type":"Article","@id":"https:\/\/blog-backend.znak.com.pl\/swiatowy-dzien-ksiazki-2026-nowosci\/#article","isPartOf":{"@id":"https:\/\/blog-backend.znak.com.pl\/swiatowy-dzien-ksiazki-2026-nowosci\/"},"author":{"name":"Adrianna Kapelak","@id":"https:\/\/blog-backend.znak.com.pl\/#\/schema\/person\/8c574907bbf42d44be35407ae8b1af73"},"headline":"\u015awiatowy\u00a0Dzie\u0144\u00a0Ksi\u0105\u017cki\u00a0i\u00a0Praw\u00a0Autorskich 2026: \u015bwi\u0119tuj z&nbsp;nowo\u015bciami!","datePublished":"2026-04-22T14:48:30+00:00","dateModified":"2026-04-23T08:08:28+00:00","mainEntityOfPage":{"@id":"https:\/\/blog-backend.znak.com.pl\/swiatowy-dzien-ksiazki-2026-nowosci\/"},"wordCount":1290,"commentCount":0,"publisher":{"@id":"https:\/\/blog-backend.znak.com.pl\/#organization"},"image":{"@id":"https:\/\/blog-backend.znak.com.pl\/swiatowy-dzien-ksiazki-2026-nowosci\/#primaryimage"},"thumbnailUrl":"https:\/\/blog-backend.znak.com.pl\/wp-content\/uploads\/2026\/04\/MDK_2.png","articleSection":["Aktualno\u015bci","Nowo\u015bci","Rankingi"],"inLanguage":"pl-PL","potentialAction":[{"@type":"CommentAction","name":"Comment","target":["https:\/\/blog-backend.znak.com.pl\/swiatowy-dzien-ksiazki-2026-nowosci\/#respond"]}]},{"@type":"WebPage","@id":"https:\/\/blog-backend.znak.com.pl\/swiatowy-dzien-ksiazki-2026-nowosci\/","url":"https:\/\/blog-backend.znak.com.pl\/swiatowy-dzien-ksiazki-2026-nowosci\/","name":"\u015awiatowy Dzie\u0144 Ksi\u0105\u017cki i Praw Autorskich 2026: \u015bwi\u0119tuj z nami!","isPartOf":{"@id":"https:\/\/blog-backend.znak.com.pl\/#website"},"primaryImageOfPage":{"@id":"https:\/\/blog-backend.znak.com.pl\/swiatowy-dzien-ksiazki-2026-nowosci\/#primaryimage"},"image":{"@id":"https:\/\/blog-backend.znak.com.pl\/swiatowy-dzien-ksiazki-2026-nowosci\/#primaryimage"},"thumbnailUrl":"https:\/\/blog-backend.znak.com.pl\/wp-content\/uploads\/2026\/04\/MDK_2.png","datePublished":"2026-04-22T14:48:30+00:00","dateModified":"2026-04-23T08:08:28+00:00","description":"W ko\u0144cu nadszed\u0142 nasz dzie\u0144: Mi\u0119dzynarodowy Dzie\u0144 Ksi\u0105\u017cki! Z tej okazji przygotowali\u015bmy dla Ciebie propozycje ksi\u0105\u017cek idealnych na to \u015bwi\u0119to.","breadcrumb":{"@id":"https:\/\/blog-backend.znak.com.pl\/swiatowy-dzien-ksiazki-2026-nowosci\/#breadcrumb"},"inLanguage":"pl-PL","potentialAction":[{"@type":"ReadAction","target":["https:\/\/blog-backend.znak.com.pl\/swiatowy-dzien-ksiazki-2026-nowosci\/"]}]},{"@type":"ImageObject","inLanguage":"pl-PL","@id":"https:\/\/blog-backend.znak.com.pl\/swiatowy-dzien-ksiazki-2026-nowosci\/#primaryimage","url":"https:\/\/blog-backend.znak.com.pl\/wp-content\/uploads\/2026\/04\/MDK_2.png","contentUrl":"https:\/\/blog-backend.znak.com.pl\/wp-content\/uploads\/2026\/04\/MDK_2.png","width":1200,"height":600,"caption":"Tekst: \u015awiatowy Dzie\u0144 Ksi\u0105\u017cki i Praw Autorskich. \u015awi\u0119tuj z nowo\u015bciami! Obok wizerunek kobiety trzymaj\u0105cej stos ksi\u0105\u017cek i u\u015bmiechaj\u0105cej si\u0119 szeroko."},{"@type":"BreadcrumbList","@id":"https:\/\/blog-backend.znak.com.pl\/swiatowy-dzien-ksiazki-2026-nowosci\/#breadcrumb","itemListElement":[{"@type":"ListItem","position":1,"name":"Strona g\u0142\u00f3wna","item":"https:\/\/blog-backend.znak.com.pl\/"},{"@type":"ListItem","position":2,"name":"\u015awiatowy\u00a0Dzie\u0144\u00a0Ksi\u0105\u017cki\u00a0i\u00a0Praw\u00a0Autorskich 2026: \u015bwi\u0119tuj z nowo\u015bciami!"}]},{"@type":"WebSite","@id":"https:\/\/blog-backend.znak.com.pl\/#website","url":"https:\/\/blog-backend.znak.com.pl\/","name":"ZNAK Blog","description":"","publisher":{"@id":"https:\/\/blog-backend.znak.com.pl\/#organization"},"potentialAction":[{"@type":"SearchAction","target":{"@type":"EntryPoint","urlTemplate":"https:\/\/blog-backend.znak.com.pl\/?s={search_term_string}"},"query-input":{"@type":"PropertyValueSpecification","valueRequired":true,"valueName":"search_term_string"}}],"inLanguage":"pl-PL"},{"@type":"Organization","@id":"https:\/\/blog-backend.znak.com.pl\/#organization","name":"ZNAK Blog","url":"https:\/\/blog-backend.znak.com.pl\/","logo":{"@type":"ImageObject","inLanguage":"pl-PL","@id":"https:\/\/blog-backend.znak.com.pl\/#\/schema\/logo\/image\/","url":"https:\/\/www.znak.com.pl\/blog\/wp-content\/uploads\/2025\/10\/znak_logo_black-1.svg","contentUrl":"https:\/\/www.znak.com.pl\/blog\/wp-content\/uploads\/2025\/10\/znak_logo_black-1.svg","width":1,"height":1,"caption":"ZNAK Blog"},"image":{"@id":"https:\/\/blog-backend.znak.com.pl\/#\/schema\/logo\/image\/"}},{"@type":"Person","@id":"https:\/\/blog-backend.znak.com.pl\/#\/schema\/person\/8c574907bbf42d44be35407ae8b1af73","name":"Adrianna Kapelak","image":{"@type":"ImageObject","inLanguage":"pl-PL","@id":"https:\/\/blog-backend.znak.com.pl\/#\/schema\/person\/image\/","url":"https:\/\/secure.gravatar.com\/avatar\/7985877fa53ab6adfd2e2e5125e20f12d0443bcf5301a0e2cf192ddc7f1ac740?s=96&d=identicon&r=g","contentUrl":"https:\/\/secure.gravatar.com\/avatar\/7985877fa53ab6adfd2e2e5125e20f12d0443bcf5301a0e2cf192ddc7f1ac740?s=96&d=identicon&r=g","caption":"Adrianna Kapelak"},"url":"https:\/\/blog-backend.znak.com.pl\/author\/kapelakznak-com-pl\/"}]}},"_links":{"self":[{"href":"https:\/\/blog-backend.znak.com.pl\/wp-json\/wp\/v2\/posts\/654","targetHints":{"allow":["GET"]}}],"collection":[{"href":"https:\/\/blog-backend.znak.com.pl\/wp-json\/wp\/v2\/posts"}],"about":[{"href":"https:\/\/blog-backend.znak.com.pl\/wp-json\/wp\/v2\/types\/post"}],"author":[{"embeddable":true,"href":"https:\/\/blog-backend.znak.com.pl\/wp-json\/wp\/v2\/users\/6"}],"replies":[{"embeddable":true,"href":"https:\/\/blog-backend.znak.com.pl\/wp-json\/wp\/v2\/comments?post=654"}],"version-history":[{"count":4,"href":"https:\/\/blog-backend.znak.com.pl\/wp-json\/wp\/v2\/posts\/654\/revisions"}],"predecessor-version":[{"id":662,"href":"https:\/\/blog-backend.znak.com.pl\/wp-json\/wp\/v2\/posts\/654\/revisions\/662"}],"wp:featuredmedia":[{"embeddable":true,"href":"https:\/\/blog-backend.znak.com.pl\/wp-json\/wp\/v2\/media\/655"}],"wp:attachment":[{"href":"https:\/\/blog-backend.znak.com.pl\/wp-json\/wp\/v2\/media?parent=654"}],"wp:term":[{"taxonomy":"category","embeddable":true,"href":"https:\/\/blog-backend.znak.com.pl\/wp-json\/wp\/v2\/categories?post=654"},{"taxonomy":"post_tag","embeddable":true,"href":"https:\/\/blog-backend.znak.com.pl\/wp-json\/wp\/v2\/tags?post=654"}],"curies":[{"name":"wp","href":"https:\/\/api.w.org\/{rel}","templated":true}]}}